{"id":18775,"date":"2023-05-03T06:55:38","date_gmt":"2023-05-03T06:55:38","guid":{"rendered":"https:\/\/www.urkide.org\/?p=18775"},"modified":"2023-05-03T06:55:43","modified_gmt":"2023-05-03T06:55:43","slug":"aspanafoha-2023","status":"publish","type":"post","link":"https:\/\/www.urkide.org\/en\/aspanafoha-2023\/","title":{"rendered":"Aspanafoha 2023"},"content":{"rendered":"\n<p>El martes 25 recogimos La Estrella de Aspanafoa, galard\u00f3n por el proyecto &#8220;libretas solidarias&#8221; en el que participaron con sus dibujos los ni\u00f1os y ni\u00f1as de Actividades Art\u00edsticas. Adriana Palmero e Irene Ruiz de 4\u2070 de primaria asistieron al acto en nombre de todos sus compa\u00f1eros.<\/p>\n\n\n\n<figure class=\"wp-block-image size-large\"><img loading=\"lazy\" decoding=\"async\" width=\"1024\" height=\"768\" src=\"https:\/\/www.urkide.org\/wp-content\/uploads\/2023\/05\/Aspanafoa-2023-1-1024x768.jpeg\" alt=\"\" class=\"wp-image-18779\"\/><\/figure>\n\n\n\n<figure class=\"wp-block-image size-large\"><img loading=\"lazy\" decoding=\"async\" width=\"1024\" height=\"768\" src=\"https:\/\/www.urkide.org\/wp-content\/uploads\/2023\/05\/Aspanafoa-2023-2-1024x768.jpeg\" alt=\"\" class=\"wp-image-18782\"\/><\/figure>\n<div class=\"clearfix\"><\/div>","protected":false},"excerpt":{"rendered":"<p>El martes 25 recogimos La Estrella de Aspanafoa, galard\u00f3n por el proyecto &#8220;libretas solidarias&#8221; en el que participaron con sus dibujos los&#8230;<\/p>\n","protected":false},"author":5,"featured_media":18776,"comment_status":"closed","ping_status":"closed","sticky":false,"template":"","format":"standard","meta":{"footnotes":""},"categories":[146],"tags":[167,159],"class_list":["post-18775","post","type-post","status-publish","format-standard","has-post-thumbnail","hentry","category-actualidad","tag-aspanafoha","tag-urkide-2"],"_links":{"self":[{"href":"https:\/\/www.urkide.org\/en\/wp-json\/wp\/v2\/posts\/18775","targetHints":{"allow":["GET"]}}],"collection":[{"href":"https:\/\/www.urkide.org\/en\/wp-json\/wp\/v2\/posts"}],"about":[{"href":"https:\/\/www.urkide.org\/en\/wp-json\/wp\/v2\/types\/post"}],"author":[{"embeddable":true,"href":"https:\/\/www.urkide.org\/en\/wp-json\/wp\/v2\/users\/5"}],"replies":[{"embeddable":true,"href":"https:\/\/www.urkide.org\/en\/wp-json\/wp\/v2\/comments?post=18775"}],"version-history":[{"count":1,"href":"https:\/\/www.urkide.org\/en\/wp-json\/wp\/v2\/posts\/18775\/revisions"}],"predecessor-version":[{"id":18785,"href":"https:\/\/www.urkide.org\/en\/wp-json\/wp\/v2\/posts\/18775\/revisions\/18785"}],"wp:featuredmedia":[{"embeddable":true,"href":"https:\/\/www.urkide.org\/en\/wp-json\/wp\/v2\/media\/18776"}],"wp:attachment":[{"href":"https:\/\/www.urkide.org\/en\/wp-json\/wp\/v2\/media?parent=18775"}],"wp:term":[{"taxonomy":"category","embeddable":true,"href":"https:\/\/www.urkide.org\/en\/wp-json\/wp\/v2\/categories?post=18775"},{"taxonomy":"post_tag","embeddable":true,"href":"https:\/\/www.urkide.org\/en\/wp-json\/wp\/v2\/tags?post=18775"}],"curies":[{"name":"wp","href":"https:\/\/api.w.org\/{rel}","templated":true}]}}