{"id":20058,"date":"2024-03-04T08:14:44","date_gmt":"2024-03-04T08:14:44","guid":{"rendered":"https:\/\/www.urkide.org\/?p=20058"},"modified":"2024-03-04T08:14:47","modified_gmt":"2024-03-04T08:14:47","slug":"fll-2023-24","status":"publish","type":"post","link":"https:\/\/www.urkide.org\/en\/fll-2023-24\/","title":{"rendered":"FLL 2023-24"},"content":{"rendered":"\n<p>Este pasado s\u00e1bado el equipo de Urkide <strong>\u201cLegokide 3\u201d<\/strong> se proclam\u00f3 <strong>subcampe\u00f3n <\/strong>en la sede de Vitoria, <strong>de la fase de Euskadi de la First Lego League (FLL)<\/strong> con el reto de <strong>\u201cMasterpiece\u201d<\/strong>.<\/p>\n\n\n\n<p><strong>Este puesto les da derecho a participar en la fase estatal que se desarrollar\u00e1 en Alicante el d\u00eda 16 de marzo.<\/strong><\/p>\n\n\n\n<p>Los otros dos equipos del colegio en la categor\u00eda Challenge (de 10 a 16 a\u00f1os), <strong>Legokide 1 y 2, no consiguieron ning\u00fan premio<\/strong>, pero realizaron unas presentaciones muy bien valoradas por los jueces por su <strong>creatividad y por la ilusi\u00f3n<\/strong> transmitida por todos los participantes.<\/p>\n\n\n\n<p>Adem\u00e1s, este a\u00f1o tambi\u00e9n participaron dos equipos en la categor\u00eda Explore (de 6 a 9 a\u00f1os), <strong>Legokids 1 y 2<\/strong>, que <strong>realizaron unas presentaciones llenas de creatividad que encantaron al jurado y al p\u00fablico presente<\/strong>. En esta categor\u00eda no existe la clasificaci\u00f3n entre los equipos y todos los participantes obtienen el mismo reconocimiento.<\/p>\n\n\n\n<p>En la competici\u00f3n de este a\u00f1o tomaron parte m\u00e1s de 1200 j\u00f3venes de todo Euskadi y el jurado valor\u00f3 el trabajo de Legokide 3 como <strong>uno de los m\u00e1s completos en los apartados de comportamiento del robot, proyecto cient\u00edfico, dise\u00f1o del robot y valores grupales.<\/strong><\/p>\n\n\n\n<p><strong>\u00a1\u00a1Enhorabuena y muchas gracias a los miembros de los cinco equipos, a los entrenadores y a las familias que disfrutaron con ellos y ellas de esta experiencia \u00fanica!!<\/strong><\/p>\n\n\n\n<p>Adjuntamos los links de la cobertura en prensa de la noticia.<\/p>\n\n\n\n<p><a href=\"https:\/\/www.elcorreo.com\/alava\/araba\/seis-centros-educativos-alaveses-participado-final-first-20240302181231-nt.html\">https:\/\/www.elcorreo.com\/alava\/araba\/seis-centros-educativos-alaveses-participado-final-first-20240302181231-nt.html<\/a><\/p>\n\n\n\n<p><a href=\"https:\/\/www.gasteizhoy.com\/legokide-tecnobots-elburgo-ganan-first-lego-league\/\">https:\/\/www.gasteizhoy.com\/legokide-tecnobots-elburgo-ganan-first-lego-league\/<\/a><\/p>\n<div class=\"clearfix\"><\/div>","protected":false},"excerpt":{"rendered":"<p>Este pasado s\u00e1bado el equipo de Urkide \u201cLegokide 3\u201d se proclam\u00f3 subcampe\u00f3n en la sede de Vitoria, de la fase de Euskadi&#8230;<\/p>\n","protected":false},"author":5,"featured_media":20054,"comment_status":"closed","ping_status":"closed","sticky":false,"template":"","format":"standard","meta":{"footnotes":""},"categories":[146],"tags":[150,148],"class_list":["post-20058","post","type-post","status-publish","format-standard","has-post-thumbnail","hentry","category-actualidad","tag-first-lego-league","tag-urkide"],"_links":{"self":[{"href":"https:\/\/www.urkide.org\/en\/wp-json\/wp\/v2\/posts\/20058","targetHints":{"allow":["GET"]}}],"collection":[{"href":"https:\/\/www.urkide.org\/en\/wp-json\/wp\/v2\/posts"}],"about":[{"href":"https:\/\/www.urkide.org\/en\/wp-json\/wp\/v2\/types\/post"}],"author":[{"embeddable":true,"href":"https:\/\/www.urkide.org\/en\/wp-json\/wp\/v2\/users\/5"}],"replies":[{"embeddable":true,"href":"https:\/\/www.urkide.org\/en\/wp-json\/wp\/v2\/comments?post=20058"}],"version-history":[{"count":1,"href":"https:\/\/www.urkide.org\/en\/wp-json\/wp\/v2\/posts\/20058\/revisions"}],"predecessor-version":[{"id":20059,"href":"https:\/\/www.urkide.org\/en\/wp-json\/wp\/v2\/posts\/20058\/revisions\/20059"}],"wp:featuredmedia":[{"embeddable":true,"href":"https:\/\/www.urkide.org\/en\/wp-json\/wp\/v2\/media\/20054"}],"wp:attachment":[{"href":"https:\/\/www.urkide.org\/en\/wp-json\/wp\/v2\/media?parent=20058"}],"wp:term":[{"taxonomy":"category","embeddable":true,"href":"https:\/\/www.urkide.org\/en\/wp-json\/wp\/v2\/categories?post=20058"},{"taxonomy":"post_tag","embeddable":true,"href":"https:\/\/www.urkide.org\/en\/wp-json\/wp\/v2\/tags?post=20058"}],"curies":[{"name":"wp","href":"https:\/\/api.w.org\/{rel}","templated":true}]}}