{"id":20067,"date":"2024-03-07T07:44:42","date_gmt":"2024-03-07T07:44:42","guid":{"rendered":"https:\/\/www.urkide.org\/?p=20067"},"modified":"2024-03-07T07:44:44","modified_gmt":"2024-03-07T07:44:44","slug":"ranking-de-los-100-mejores-colegios-del-periodico-el-mundo-2","status":"publish","type":"post","link":"https:\/\/www.urkide.org\/en\/ranking-de-los-100-mejores-colegios-del-periodico-el-mundo-2\/","title":{"rendered":"Ranking de los 100 mejores colegios del peri\u00f3dico &#8220;El Mundo&#8221;"},"content":{"rendered":"\n<p>Un a\u00f1o m\u00e1s, ayer mi\u00e9rcoles 6 de marzo, el peri\u00f3dico \u201cEl Mundo\u201d ha publicado la lista de los 100 mejores colegios concertados y privados de Espa\u00f1a. En dicha lista aparecemos en el lugar 65 con 84 puntos sobre 100, igualados en puntuaci\u00f3n con los colegios comprendidos entre el puesto 55 al 76.<\/p>\n\n\n\n<p><strong>Seguimos siendo el primer centro de \u00c1lava y el s\u00e9ptimo de Euskadi.<\/strong><\/p>\n\n\n\n<p>Para elaborar el presente listado los colegios que as\u00ed lo desean deben de enviar un extenso dossier en el que se explica la gesti\u00f3n general de cada Centro y las actividades que desarrolla. Con estos documentos elaboran el listado de los mejores centros. El mantenernos en estas posiciones y con estas puntuaciones supone un nuevo reconocimiento a la labor que desarrollamos todos\/as y un nuevo impulso a nuestra forma de trabajar.<\/p>\n\n\n\n<p><strong>Gracias a todos\/as porque estos reconocimientos no son posibles sin la implicaci\u00f3n y el trabajo conjunto de personal, familias y alumnado.<\/strong><\/p>\n<div class=\"clearfix\"><\/div>","protected":false},"excerpt":{"rendered":"<p>Un a\u00f1o m\u00e1s, ayer mi\u00e9rcoles 6 de marzo, el peri\u00f3dico \u201cEl Mundo\u201d ha publicado la lista de los 100 mejores colegios concertados&#8230;<\/p>\n","protected":false},"author":5,"featured_media":20064,"comment_status":"closed","ping_status":"closed","sticky":false,"template":"","format":"standard","meta":{"footnotes":""},"categories":[146],"tags":[200,148],"class_list":["post-20067","post","type-post","status-publish","format-standard","has-post-thumbnail","hentry","category-actualidad","tag-100-mejores-colegios","tag-urkide"],"_links":{"self":[{"href":"https:\/\/www.urkide.org\/en\/wp-json\/wp\/v2\/posts\/20067","targetHints":{"allow":["GET"]}}],"collection":[{"href":"https:\/\/www.urkide.org\/en\/wp-json\/wp\/v2\/posts"}],"about":[{"href":"https:\/\/www.urkide.org\/en\/wp-json\/wp\/v2\/types\/post"}],"author":[{"embeddable":true,"href":"https:\/\/www.urkide.org\/en\/wp-json\/wp\/v2\/users\/5"}],"replies":[{"embeddable":true,"href":"https:\/\/www.urkide.org\/en\/wp-json\/wp\/v2\/comments?post=20067"}],"version-history":[{"count":1,"href":"https:\/\/www.urkide.org\/en\/wp-json\/wp\/v2\/posts\/20067\/revisions"}],"predecessor-version":[{"id":20068,"href":"https:\/\/www.urkide.org\/en\/wp-json\/wp\/v2\/posts\/20067\/revisions\/20068"}],"wp:featuredmedia":[{"embeddable":true,"href":"https:\/\/www.urkide.org\/en\/wp-json\/wp\/v2\/media\/20064"}],"wp:attachment":[{"href":"https:\/\/www.urkide.org\/en\/wp-json\/wp\/v2\/media?parent=20067"}],"wp:term":[{"taxonomy":"category","embeddable":true,"href":"https:\/\/www.urkide.org\/en\/wp-json\/wp\/v2\/categories?post=20067"},{"taxonomy":"post_tag","embeddable":true,"href":"https:\/\/www.urkide.org\/en\/wp-json\/wp\/v2\/tags?post=20067"}],"curies":[{"name":"wp","href":"https:\/\/api.w.org\/{rel}","templated":true}]}}