{"id":20086,"date":"2024-03-19T11:28:48","date_gmt":"2024-03-19T11:28:48","guid":{"rendered":"https:\/\/www.urkide.org\/?p=20086"},"modified":"2024-03-19T11:28:51","modified_gmt":"2024-03-19T11:28:51","slug":"coro-urkanta-en-logrono","status":"publish","type":"post","link":"https:\/\/www.urkide.org\/en\/coro-urkanta-en-logrono\/","title":{"rendered":"Coro Urkanta en Logro\u00f1o"},"content":{"rendered":"\n<p>El coro Urkanta actuar\u00e1 este s\u00e1bado 23 de marzo en Logro\u00f1o.<\/p>\n<div class=\"clearfix\"><\/div>","protected":false},"excerpt":{"rendered":"<p>El coro Urkanta actuar\u00e1 este s\u00e1bado 23 de marzo en Logro\u00f1o.<\/p>\n","protected":false},"author":5,"featured_media":20083,"comment_status":"closed","ping_status":"closed","sticky":false,"template":"","format":"standard","meta":{"footnotes":""},"categories":[146],"tags":[202,148],"class_list":["post-20086","post","type-post","status-publish","format-standard","has-post-thumbnail","hentry","category-actualidad","tag-urkanta","tag-urkide"],"_links":{"self":[{"href":"https:\/\/www.urkide.org\/en\/wp-json\/wp\/v2\/posts\/20086","targetHints":{"allow":["GET"]}}],"collection":[{"href":"https:\/\/www.urkide.org\/en\/wp-json\/wp\/v2\/posts"}],"about":[{"href":"https:\/\/www.urkide.org\/en\/wp-json\/wp\/v2\/types\/post"}],"author":[{"embeddable":true,"href":"https:\/\/www.urkide.org\/en\/wp-json\/wp\/v2\/users\/5"}],"replies":[{"embeddable":true,"href":"https:\/\/www.urkide.org\/en\/wp-json\/wp\/v2\/comments?post=20086"}],"version-history":[{"count":1,"href":"https:\/\/www.urkide.org\/en\/wp-json\/wp\/v2\/posts\/20086\/revisions"}],"predecessor-version":[{"id":20087,"href":"https:\/\/www.urkide.org\/en\/wp-json\/wp\/v2\/posts\/20086\/revisions\/20087"}],"wp:featuredmedia":[{"embeddable":true,"href":"https:\/\/www.urkide.org\/en\/wp-json\/wp\/v2\/media\/20083"}],"wp:attachment":[{"href":"https:\/\/www.urkide.org\/en\/wp-json\/wp\/v2\/media?parent=20086"}],"wp:term":[{"taxonomy":"category","embeddable":true,"href":"https:\/\/www.urkide.org\/en\/wp-json\/wp\/v2\/categories?post=20086"},{"taxonomy":"post_tag","embeddable":true,"href":"https:\/\/www.urkide.org\/en\/wp-json\/wp\/v2\/tags?post=20086"}],"curies":[{"name":"wp","href":"https:\/\/api.w.org\/{rel}","templated":true}]}}