{"id":21649,"date":"2024-11-21T07:09:56","date_gmt":"2024-11-21T07:09:56","guid":{"rendered":"https:\/\/www.urkide.org\/?p=21649"},"modified":"2024-11-21T07:09:58","modified_gmt":"2024-11-21T07:09:58","slug":"reunion-de-la-fundacion-urkide","status":"publish","type":"post","link":"https:\/\/www.urkide.org\/en\/reunion-de-la-fundacion-urkide\/","title":{"rendered":"Reuni\u00f3n de la Fundaci\u00f3n Urkide"},"content":{"rendered":"\n<p><em>La reuni\u00f3n anual de la Fundaci\u00f3n Urkide, celebrada el martes 12 de noviembre, reuni\u00f3 a varias empresas clave que contribuyen a la realizaci\u00f3n de sus diversos proyectos. Entre los participantes destacados se encontraban Gasca, Autobuses Alegr\u00eda, @doitu_ofimatika, SPC, @azetek_seguros, Inika, @tak.tik.arq, @learning_out_ y Sayma. Esta reuni\u00f3n no solo sirvi\u00f3 como plataforma para compartir los logros alcanzados durante el a\u00f1o, sino tambi\u00e9n para fortalecer las alianzas y explorar nuevas oportunidades de colaboraci\u00f3n. La diversidad de sectores representados, desde tecnolog\u00eda y seguros hasta transportes y arquitectura, subraya el enfoque multidisciplinario de la Fundaci\u00f3n para abordar los desaf\u00edos actuales y futuros.<\/em><\/p>\n<div class=\"clearfix\"><\/div>","protected":false},"excerpt":{"rendered":"<p>La reuni\u00f3n anual de la Fundaci\u00f3n Urkide, celebrada el martes 12 de noviembre, reuni\u00f3 a varias empresas clave que contribuyen a la&#8230;<\/p>\n","protected":false},"author":5,"featured_media":21646,"comment_status":"closed","ping_status":"closed","sticky":false,"template":"","format":"standard","meta":{"footnotes":""},"categories":[146],"tags":[159,148],"class_list":["post-21649","post","type-post","status-publish","format-standard","has-post-thumbnail","hentry","category-actualidad","tag-urkide-2","tag-urkide"],"_links":{"self":[{"href":"https:\/\/www.urkide.org\/en\/wp-json\/wp\/v2\/posts\/21649","targetHints":{"allow":["GET"]}}],"collection":[{"href":"https:\/\/www.urkide.org\/en\/wp-json\/wp\/v2\/posts"}],"about":[{"href":"https:\/\/www.urkide.org\/en\/wp-json\/wp\/v2\/types\/post"}],"author":[{"embeddable":true,"href":"https:\/\/www.urkide.org\/en\/wp-json\/wp\/v2\/users\/5"}],"replies":[{"embeddable":true,"href":"https:\/\/www.urkide.org\/en\/wp-json\/wp\/v2\/comments?post=21649"}],"version-history":[{"count":1,"href":"https:\/\/www.urkide.org\/en\/wp-json\/wp\/v2\/posts\/21649\/revisions"}],"predecessor-version":[{"id":21650,"href":"https:\/\/www.urkide.org\/en\/wp-json\/wp\/v2\/posts\/21649\/revisions\/21650"}],"wp:featuredmedia":[{"embeddable":true,"href":"https:\/\/www.urkide.org\/en\/wp-json\/wp\/v2\/media\/21646"}],"wp:attachment":[{"href":"https:\/\/www.urkide.org\/en\/wp-json\/wp\/v2\/media?parent=21649"}],"wp:term":[{"taxonomy":"category","embeddable":true,"href":"https:\/\/www.urkide.org\/en\/wp-json\/wp\/v2\/categories?post=21649"},{"taxonomy":"post_tag","embeddable":true,"href":"https:\/\/www.urkide.org\/en\/wp-json\/wp\/v2\/tags?post=21649"}],"curies":[{"name":"wp","href":"https:\/\/api.w.org\/{rel}","templated":true}]}}