{"id":21741,"date":"2024-11-26T10:31:33","date_gmt":"2024-11-26T10:31:33","guid":{"rendered":"https:\/\/www.urkide.org\/?p=21741"},"modified":"2024-11-26T10:31:34","modified_gmt":"2024-11-26T10:31:34","slug":"sello-colegios-ods-cooperativos","status":"publish","type":"post","link":"https:\/\/www.urkide.org\/en\/sello-colegios-ods-cooperativos\/","title":{"rendered":"Sello &#8220;Colegios ODS Cooperativos&#8221;"},"content":{"rendered":"\n<p>Ayer, 25 de noviembre, se nos hizo entrega del sello \u201cColegiosODSCooperativos\u201d cuyo objetivo es reconocer el trabajo de los centros educativos en el avance de los ODS Agenda 2030. El jurado responsable de la entrega destaco &#8220;el esfuerzo y dedicaci\u00f3n de vuestra cooperativa en la implementaci\u00f3n de la Agenda 20230 y vuestro compromiso y trabajo desarrollado d\u00eda a d\u00eda, con una gran calidad, valor educativo, originalidad y sostenibilidad social y medioambiental&#8221;.<\/p>\n\n\n\n<figure class=\"wp-block-image size-large\"><img loading=\"lazy\" decoding=\"async\" width=\"1024\" height=\"768\" src=\"https:\/\/www.urkide.org\/wp-content\/uploads\/2024\/11\/20241126-Sello-2-1024x768.jpg\" alt=\"\" class=\"wp-image-21738\"\/><\/figure>\n<div class=\"clearfix\"><\/div>","protected":false},"excerpt":{"rendered":"<p>Ayer, 25 de noviembre, se nos hizo entrega del sello \u201cColegiosODSCooperativos\u201d cuyo objetivo es reconocer el trabajo de los centros educativos en&#8230;<\/p>\n","protected":false},"author":5,"featured_media":21735,"comment_status":"closed","ping_status":"closed","sticky":false,"template":"","format":"standard","meta":{"footnotes":""},"categories":[146],"tags":[148],"class_list":["post-21741","post","type-post","status-publish","format-standard","has-post-thumbnail","hentry","category-actualidad","tag-urkide"],"_links":{"self":[{"href":"https:\/\/www.urkide.org\/en\/wp-json\/wp\/v2\/posts\/21741","targetHints":{"allow":["GET"]}}],"collection":[{"href":"https:\/\/www.urkide.org\/en\/wp-json\/wp\/v2\/posts"}],"about":[{"href":"https:\/\/www.urkide.org\/en\/wp-json\/wp\/v2\/types\/post"}],"author":[{"embeddable":true,"href":"https:\/\/www.urkide.org\/en\/wp-json\/wp\/v2\/users\/5"}],"replies":[{"embeddable":true,"href":"https:\/\/www.urkide.org\/en\/wp-json\/wp\/v2\/comments?post=21741"}],"version-history":[{"count":1,"href":"https:\/\/www.urkide.org\/en\/wp-json\/wp\/v2\/posts\/21741\/revisions"}],"predecessor-version":[{"id":21742,"href":"https:\/\/www.urkide.org\/en\/wp-json\/wp\/v2\/posts\/21741\/revisions\/21742"}],"wp:featuredmedia":[{"embeddable":true,"href":"https:\/\/www.urkide.org\/en\/wp-json\/wp\/v2\/media\/21735"}],"wp:attachment":[{"href":"https:\/\/www.urkide.org\/en\/wp-json\/wp\/v2\/media?parent=21741"}],"wp:term":[{"taxonomy":"category","embeddable":true,"href":"https:\/\/www.urkide.org\/en\/wp-json\/wp\/v2\/categories?post=21741"},{"taxonomy":"post_tag","embeddable":true,"href":"https:\/\/www.urkide.org\/en\/wp-json\/wp\/v2\/tags?post=21741"}],"curies":[{"name":"wp","href":"https:\/\/api.w.org\/{rel}","templated":true}]}}