{"id":28441,"date":"2025-02-18T10:25:45","date_gmt":"2025-02-18T10:25:45","guid":{"rendered":"https:\/\/www.urkide.org\/?p=28441"},"modified":"2025-02-18T10:25:46","modified_gmt":"2025-02-18T10:25:46","slug":"urkide-en-la-vuelta-a-la-espana-digital","status":"publish","type":"post","link":"https:\/\/www.urkide.org\/en\/urkide-en-la-vuelta-a-la-espana-digital\/","title":{"rendered":"Urkide en &#8220;La vuelta a la Espa\u00f1a digital&#8221;"},"content":{"rendered":"\n<p>El pasado domingo 16 de febrero se retransmiti\u00f3 el programa &#8220;La vuelta a la Espa\u00f1a Digital&#8221; de RTVE, en el que particip\u00f3 URKIDE (del minuto 18.20 al 27) Si quer\u00e9is verlo aqu\u00ed ten\u00e9is el enlace:<br><br><a href=\"https:\/\/www.rtve.es\/play\/videos\/la-vuelta-a-la-espana-digital\/vuelta-espana-digital-episodio-5-techxit-euskadi\/16452537\/\">https:\/\/www.rtve.es\/play\/videos\/la-vuelta-a-la-espana-digital\/vuelta-espana-digital-episodio-5-techxit-euskadi\/16452537\/<\/a><\/p>\n\n\n\n<p><\/p>\n\n\n\n<p><\/p>\n<div class=\"clearfix\"><\/div>","protected":false},"excerpt":{"rendered":"<p>El pasado domingo 16 de febrero se retransmiti\u00f3 el programa &#8220;La vuelta a la Espa\u00f1a Digital&#8221; de RTVE, en el que particip\u00f3&#8230;<\/p>\n","protected":false},"author":5,"featured_media":28477,"comment_status":"closed","ping_status":"closed","sticky":false,"template":"","format":"standard","meta":{"footnotes":""},"categories":[146],"tags":[242,148],"class_list":["post-28441","post","type-post","status-publish","format-standard","has-post-thumbnail","hentry","category-actualidad","tag-rtve","tag-urkide"],"_links":{"self":[{"href":"https:\/\/www.urkide.org\/en\/wp-json\/wp\/v2\/posts\/28441","targetHints":{"allow":["GET"]}}],"collection":[{"href":"https:\/\/www.urkide.org\/en\/wp-json\/wp\/v2\/posts"}],"about":[{"href":"https:\/\/www.urkide.org\/en\/wp-json\/wp\/v2\/types\/post"}],"author":[{"embeddable":true,"href":"https:\/\/www.urkide.org\/en\/wp-json\/wp\/v2\/users\/5"}],"replies":[{"embeddable":true,"href":"https:\/\/www.urkide.org\/en\/wp-json\/wp\/v2\/comments?post=28441"}],"version-history":[{"count":2,"href":"https:\/\/www.urkide.org\/en\/wp-json\/wp\/v2\/posts\/28441\/revisions"}],"predecessor-version":[{"id":28480,"href":"https:\/\/www.urkide.org\/en\/wp-json\/wp\/v2\/posts\/28441\/revisions\/28480"}],"wp:featuredmedia":[{"embeddable":true,"href":"https:\/\/www.urkide.org\/en\/wp-json\/wp\/v2\/media\/28477"}],"wp:attachment":[{"href":"https:\/\/www.urkide.org\/en\/wp-json\/wp\/v2\/media?parent=28441"}],"wp:term":[{"taxonomy":"category","embeddable":true,"href":"https:\/\/www.urkide.org\/en\/wp-json\/wp\/v2\/categories?post=28441"},{"taxonomy":"post_tag","embeddable":true,"href":"https:\/\/www.urkide.org\/en\/wp-json\/wp\/v2\/tags?post=28441"}],"curies":[{"name":"wp","href":"https:\/\/api.w.org\/{rel}","templated":true}]}}