{"id":28923,"date":"2025-03-05T08:45:42","date_gmt":"2025-03-05T08:45:42","guid":{"rendered":"https:\/\/www.urkide.org\/?p=28923"},"modified":"2025-03-05T08:45:43","modified_gmt":"2025-03-05T08:45:43","slug":"ranking-de-los-100-mejores-colegios-del-periodico-el-mundo-3","status":"publish","type":"post","link":"https:\/\/www.urkide.org\/en\/ranking-de-los-100-mejores-colegios-del-periodico-el-mundo-3\/","title":{"rendered":"Ranking de los 100 mejores colegios del peri\u00f3dico \u201cEl Mundo\u201d"},"content":{"rendered":"\n<p>Un a\u00f1o m\u00e1s, hoy mi\u00e9rcoles 5 de marzo, el peri\u00f3dico \u201cEl Mundo\u201d ha publicado la lista de los 100 mejores colegios concertados y privados de Espa\u00f1a. En dicha lista aparecemos en el lugar 64 con 84 puntos sobre 100, igualados en puntuaci\u00f3n con los colegios comprendidos entre el puesto 59 al 75 (hemos mejorado un puesto respecto al a\u00f1o pasado manteniendo la puntuaci\u00f3n).<\/p>\n\n\n\n<p class=\"has-text-align-center\"><br><strong>Seguimos siendo el primer centro de \u00c1lava y el s\u00e9ptimo de Euskadi.<\/strong><\/p>\n\n\n\n<p><br>Para elaborar el presente listado los colegios que as\u00ed lo desean deben de enviar un extenso dossier en el que se explica la gesti\u00f3n general de cada Centro y las actividades que desarrolla. Con estos documentos elaboran el listado de los mejores centros. El mantenernos en estas posiciones y con estas puntuaciones supone un nuevo reconocimiento a la labor que desarrollamos todos\/as y un nuevo impulso a nuestra forma de trabajar.<\/p>\n\n\n\n<p class=\"has-text-align-center\"><br><strong>Gracias a todos\/as porque estos reconocimientos no son posibles sin la implicaci\u00f3n y el trabajo conjunto de personal, familias y alumnado.<\/strong><\/p>\n<div class=\"clearfix\"><\/div>","protected":false},"excerpt":{"rendered":"<p>Un a\u00f1o m\u00e1s, hoy mi\u00e9rcoles 5 de marzo, el peri\u00f3dico \u201cEl Mundo\u201d ha publicado la lista de los 100 mejores colegios concertados&#8230;<\/p>\n","protected":false},"author":5,"featured_media":28920,"comment_status":"closed","ping_status":"closed","sticky":false,"template":"","format":"standard","meta":{"footnotes":""},"categories":[146],"tags":[248,249,148],"class_list":["post-28923","post","type-post","status-publish","format-standard","has-post-thumbnail","hentry","category-actualidad","tag-el-mundo","tag-ranking","tag-urkide"],"_links":{"self":[{"href":"https:\/\/www.urkide.org\/en\/wp-json\/wp\/v2\/posts\/28923","targetHints":{"allow":["GET"]}}],"collection":[{"href":"https:\/\/www.urkide.org\/en\/wp-json\/wp\/v2\/posts"}],"about":[{"href":"https:\/\/www.urkide.org\/en\/wp-json\/wp\/v2\/types\/post"}],"author":[{"embeddable":true,"href":"https:\/\/www.urkide.org\/en\/wp-json\/wp\/v2\/users\/5"}],"replies":[{"embeddable":true,"href":"https:\/\/www.urkide.org\/en\/wp-json\/wp\/v2\/comments?post=28923"}],"version-history":[{"count":1,"href":"https:\/\/www.urkide.org\/en\/wp-json\/wp\/v2\/posts\/28923\/revisions"}],"predecessor-version":[{"id":28924,"href":"https:\/\/www.urkide.org\/en\/wp-json\/wp\/v2\/posts\/28923\/revisions\/28924"}],"wp:featuredmedia":[{"embeddable":true,"href":"https:\/\/www.urkide.org\/en\/wp-json\/wp\/v2\/media\/28920"}],"wp:attachment":[{"href":"https:\/\/www.urkide.org\/en\/wp-json\/wp\/v2\/media?parent=28923"}],"wp:term":[{"taxonomy":"category","embeddable":true,"href":"https:\/\/www.urkide.org\/en\/wp-json\/wp\/v2\/categories?post=28923"},{"taxonomy":"post_tag","embeddable":true,"href":"https:\/\/www.urkide.org\/en\/wp-json\/wp\/v2\/tags?post=28923"}],"curies":[{"name":"wp","href":"https:\/\/api.w.org\/{rel}","templated":true}]}}