{"id":30102,"date":"2025-05-27T07:47:15","date_gmt":"2025-05-27T07:47:15","guid":{"rendered":"https:\/\/www.urkide.org\/?p=30102"},"modified":"2025-05-27T07:47:16","modified_gmt":"2025-05-27T07:47:16","slug":"efectos-en-la-salud-del-uso-de-pantallas-en-la-infancia-y-adolescencia","status":"publish","type":"post","link":"https:\/\/www.urkide.org\/en\/efectos-en-la-salud-del-uso-de-pantallas-en-la-infancia-y-adolescencia\/","title":{"rendered":"Efectos en la salud del uso de pantallas en la infancia y adolescencia"},"content":{"rendered":"\n<p>El pr\u00f3ximo martes, 3 de junio de 2025 a las 18:00h, tendr\u00e1 lugar una mesa redonda bajo el t\u00edtulo &#8220;Efectos en la salud del uso de pantallas en la infancia y adolescencia&#8221;, un espacio de reflexi\u00f3n y di\u00e1logo dirigido a profesionales sanitarios, miembros de la comunidad educativa y familias.<br><br>Formato:<\/p>\n\n\n\n<ul class=\"wp-block-list\">\n<li>Presencial, en el sal\u00f3n de actos de la sede del Ilustre Colegio Oficial de M\u00e9dicos de \u00c1lava (ICOMA).<\/li>\n\n\n\n<li>Online, a trav\u00e9s del canal de YouTube del ICOMA.<\/li>\n<\/ul>\n\n\n\n<p>La asistencia es libre y gratuita, sin necesidad de inscripci\u00f3n previa, y estar\u00e1 abierta hasta completar aforo.<br>Una oportunidad para conocer, debatir y compartir puntos de vista sobre un tema clave en el desarrollo y bienestar de ni\u00f1os y adolescentes.<\/p>\n\n\n\n<p><\/p>\n<div class=\"clearfix\"><\/div>","protected":false},"excerpt":{"rendered":"<p>El pr\u00f3ximo martes, 3 de junio de 2025 a las 18:00h, tendr\u00e1 lugar una mesa redonda bajo el t\u00edtulo &#8220;Efectos en la&#8230;<\/p>\n","protected":false},"author":5,"featured_media":30099,"comment_status":"closed","ping_status":"closed","sticky":false,"template":"","format":"standard","meta":{"footnotes":""},"categories":[146],"tags":[261,260,148],"class_list":["post-30102","post","type-post","status-publish","format-standard","has-post-thumbnail","hentry","category-actualidad","tag-pantallas","tag-salud","tag-urkide"],"_links":{"self":[{"href":"https:\/\/www.urkide.org\/en\/wp-json\/wp\/v2\/posts\/30102","targetHints":{"allow":["GET"]}}],"collection":[{"href":"https:\/\/www.urkide.org\/en\/wp-json\/wp\/v2\/posts"}],"about":[{"href":"https:\/\/www.urkide.org\/en\/wp-json\/wp\/v2\/types\/post"}],"author":[{"embeddable":true,"href":"https:\/\/www.urkide.org\/en\/wp-json\/wp\/v2\/users\/5"}],"replies":[{"embeddable":true,"href":"https:\/\/www.urkide.org\/en\/wp-json\/wp\/v2\/comments?post=30102"}],"version-history":[{"count":1,"href":"https:\/\/www.urkide.org\/en\/wp-json\/wp\/v2\/posts\/30102\/revisions"}],"predecessor-version":[{"id":30103,"href":"https:\/\/www.urkide.org\/en\/wp-json\/wp\/v2\/posts\/30102\/revisions\/30103"}],"wp:featuredmedia":[{"embeddable":true,"href":"https:\/\/www.urkide.org\/en\/wp-json\/wp\/v2\/media\/30099"}],"wp:attachment":[{"href":"https:\/\/www.urkide.org\/en\/wp-json\/wp\/v2\/media?parent=30102"}],"wp:term":[{"taxonomy":"category","embeddable":true,"href":"https:\/\/www.urkide.org\/en\/wp-json\/wp\/v2\/categories?post=30102"},{"taxonomy":"post_tag","embeddable":true,"href":"https:\/\/www.urkide.org\/en\/wp-json\/wp\/v2\/tags?post=30102"}],"curies":[{"name":"wp","href":"https:\/\/api.w.org\/{rel}","templated":true}]}}