{"id":15904,"date":"2023-01-24T10:55:13","date_gmt":"2023-01-24T10:55:13","guid":{"rendered":"https:\/\/www.urkide.org\/patinando-en-la-pista-de-hielo\/"},"modified":"2023-01-24T10:55:13","modified_gmt":"2023-01-24T10:55:13","slug":"patinando-en-la-pista-de-hielo","status":"publish","type":"post","link":"https:\/\/www.urkide.org\/eu\/patinando-en-la-pista-de-hielo\/","title":{"rendered":"Patinando en la pista de hielo"},"content":{"rendered":"<p>La \u00faltima semana de octubre el alumnado de 6\u00ba de primaria hemos ido a la pista de hielo. Como viene el fr\u00edo est\u00e1 muy bien conocer un deporte de invierno. Por eso nos hemos acercado a la pista de hielo del Bakh con mucho inter\u00e9s. Al principio nos hemos dado alguna buena culada pero siguiendo las explicaciones de los monitores este invierno no nos resbalaremos de nuevo, \u00a1Seguro! \u00a0\u00a0<strong><span style=\"font-weight: 400;\">\u00a0<\/span><\/strong><\/p>\n<p><a href=\"http:\/\/www.urkide.org\/wp-content\/uploads\/2015\/11\/20151102-pista-hielo-foto-11.jpg\"><img loading=\"lazy\" decoding=\"async\" class=\"size-medium wp-image-1782 aligncenter\" src=\"http:\/\/www.urkide.org\/wp-content\/uploads\/2015\/11\/20151102-pista-hielo-foto-11-300x200.jpg\" alt=\"20151102-pista-hielo-foto-1\" width=\"300\" height=\"200\" \/><\/a><a href=\"http:\/\/www.urkide.org\/wp-content\/uploads\/2015\/11\/20151102-pista-hielo-foto-2.jpg\"><img loading=\"lazy\" decoding=\"async\" class=\"size-medium wp-image-1783 aligncenter\" src=\"http:\/\/www.urkide.org\/wp-content\/uploads\/2015\/11\/20151102-pista-hielo-foto-2-300x200.jpg\" alt=\"20151102-pista-hielo-foto-2\" width=\"300\" height=\"200\" \/><\/a><a href=\"http:\/\/www.urkide.org\/wp-content\/uploads\/2015\/11\/20151102-pista-hielo-foto-3-e1446482256610.jpg\"><img loading=\"lazy\" decoding=\"async\" class=\"size-medium wp-image-1784 aligncenter\" src=\"http:\/\/www.urkide.org\/wp-content\/uploads\/2015\/11\/20151102-pista-hielo-foto-3-e1446482256610-200x300.jpg\" alt=\"20151102-pista-hielo-foto-3\" width=\"200\" height=\"300\" \/><\/a><\/p>\n<div class=\"clearfix\"><\/div>","protected":false},"excerpt":{"rendered":"<p>La \u00faltima semana de octubre el alumnado de 6\u00ba de primaria hemos ido a la pista de hielo. Como viene el fr\u00edo&#8230;<\/p>\n","protected":false},"author":1,"featured_media":0,"comment_status":"open","ping_status":"open","sticky":false,"template":"","format":"standard","meta":{"footnotes":""},"categories":[],"tags":[],"class_list":["post-15904","post","type-post","status-publish","format-standard","hentry"],"_links":{"self":[{"href":"https:\/\/www.urkide.org\/eu\/wp-json\/wp\/v2\/posts\/15904","targetHints":{"allow":["GET"]}}],"collection":[{"href":"https:\/\/www.urkide.org\/eu\/wp-json\/wp\/v2\/posts"}],"about":[{"href":"https:\/\/www.urkide.org\/eu\/wp-json\/wp\/v2\/types\/post"}],"author":[{"embeddable":true,"href":"https:\/\/www.urkide.org\/eu\/wp-json\/wp\/v2\/users\/1"}],"replies":[{"embeddable":true,"href":"https:\/\/www.urkide.org\/eu\/wp-json\/wp\/v2\/comments?post=15904"}],"version-history":[{"count":0,"href":"https:\/\/www.urkide.org\/eu\/wp-json\/wp\/v2\/posts\/15904\/revisions"}],"wp:attachment":[{"href":"https:\/\/www.urkide.org\/eu\/wp-json\/wp\/v2\/media?parent=15904"}],"wp:term":[{"taxonomy":"category","embeddable":true,"href":"https:\/\/www.urkide.org\/eu\/wp-json\/wp\/v2\/categories?post=15904"},{"taxonomy":"post_tag","embeddable":true,"href":"https:\/\/www.urkide.org\/eu\/wp-json\/wp\/v2\/tags?post=15904"}],"curies":[{"name":"wp","href":"https:\/\/api.w.org\/{rel}","templated":true}]}}