{"id":15910,"date":"2023-01-24T10:55:15","date_gmt":"2023-01-24T10:55:15","guid":{"rendered":"https:\/\/www.urkide.org\/aula-motiva-3primaria-2\/"},"modified":"2023-01-24T10:55:15","modified_gmt":"2023-01-24T10:55:15","slug":"aula-motiva-3primaria-2","status":"publish","type":"post","link":"https:\/\/www.urkide.org\/eu\/aula-motiva-3primaria-2\/","title":{"rendered":"AULA MOTIVA 3\u00b0PRIMARIA"},"content":{"rendered":"<div>El segundo grupo de alumnos y alumnas de 3\u00b0 de primaria ya hemos terminado nuestro proyecto en el Aula Motiva. Hemos tenido la oportunidad de convertirnos en grandes cient\u00edficos y experimentar en el laboratorio. Aqu\u00ed ten\u00e9is un v\u00eddeo para que ve\u00e1is el resultado de nuestro trabajo. \u00a1Lo hemos pasado genial!<\/div>\n<div><\/div>\n<div><\/div>\n<div><\/div>\n<div>\n<div class=\"embed-responsive embed-responsive-16by9 mb-25\"><iframe loading=\"lazy\" title=\"Aula motiva 3\u00ba Primaria\" width=\"1170\" height=\"658\" src=\"https:\/\/www.youtube.com\/embed\/G3hBquUCsIM?feature=oembed\" frameborder=\"0\" allow=\"accelerometer; autoplay; clipboard-write; encrypted-media; gyroscope; picture-in-picture; web-share\" allowfullscreen><\/iframe><\/div>\n<\/div>\n<div class=\"clearfix\"><\/div>","protected":false},"excerpt":{"rendered":"<p>El segundo grupo de alumnos y alumnas de 3\u00b0 de primaria ya hemos terminado nuestro proyecto en el Aula Motiva. Hemos tenido&#8230;<\/p>\n","protected":false},"author":1,"featured_media":0,"comment_status":"open","ping_status":"open","sticky":false,"template":"","format":"standard","meta":{"footnotes":""},"categories":[],"tags":[],"class_list":["post-15910","post","type-post","status-publish","format-standard","hentry"],"_links":{"self":[{"href":"https:\/\/www.urkide.org\/eu\/wp-json\/wp\/v2\/posts\/15910","targetHints":{"allow":["GET"]}}],"collection":[{"href":"https:\/\/www.urkide.org\/eu\/wp-json\/wp\/v2\/posts"}],"about":[{"href":"https:\/\/www.urkide.org\/eu\/wp-json\/wp\/v2\/types\/post"}],"author":[{"embeddable":true,"href":"https:\/\/www.urkide.org\/eu\/wp-json\/wp\/v2\/users\/1"}],"replies":[{"embeddable":true,"href":"https:\/\/www.urkide.org\/eu\/wp-json\/wp\/v2\/comments?post=15910"}],"version-history":[{"count":0,"href":"https:\/\/www.urkide.org\/eu\/wp-json\/wp\/v2\/posts\/15910\/revisions"}],"wp:attachment":[{"href":"https:\/\/www.urkide.org\/eu\/wp-json\/wp\/v2\/media?parent=15910"}],"wp:term":[{"taxonomy":"category","embeddable":true,"href":"https:\/\/www.urkide.org\/eu\/wp-json\/wp\/v2\/categories?post=15910"},{"taxonomy":"post_tag","embeddable":true,"href":"https:\/\/www.urkide.org\/eu\/wp-json\/wp\/v2\/tags?post=15910"}],"curies":[{"name":"wp","href":"https:\/\/api.w.org\/{rel}","templated":true}]}}