{"id":15923,"date":"2023-01-24T10:55:17","date_gmt":"2023-01-24T10:55:17","guid":{"rendered":"https:\/\/www.urkide.org\/aula-motiva-3o-primaria\/"},"modified":"2023-01-24T10:55:17","modified_gmt":"2023-01-24T10:55:17","slug":"aula-motiva-3o-primaria","status":"publish","type":"post","link":"https:\/\/www.urkide.org\/eu\/aula-motiva-3o-primaria\/","title":{"rendered":"Aula Motiva 3\u00ba Primaria"},"content":{"rendered":"<div dir=\"ltr\">\n<p dir=\"ltr\"><span style=\"font-size: 14px; text-decoration: none; font-family: Arial; font-variant: normal; vertical-align: baseline; white-space: pre-wrap; font-weight: 400; color: #000000; font-style: normal; background-color: transparent;\">El cuarto grupo de alumnos y alumnas de 3\u00b0 de primaria ya hemos terminado nuestro proyecto en el Aula Motiva. Hemos tenido la oportunidad de dise\u00f1ar nuestros propios medios de transporte. Aqu\u00ed ten\u00e9is un v\u00eddeo para que ve\u00e1is nuestro trabajo. \u00a1Lo hemos pasado genial!<\/span><\/p>\n<div dir=\"ltr\">\n<p><a href=\"https:\/\/www.youtube.com\/watch?v=ipYC0rRu4wg\">https:\/\/www.youtube.com\/watch?v=ipYC0rRu4wg<\/a><\/p>\n<\/div>\n<\/div>\n<div class=\"clearfix\"><\/div>","protected":false},"excerpt":{"rendered":"<p>El cuarto grupo de alumnos y alumnas de 3\u00b0 de primaria ya hemos terminado nuestro proyecto en el Aula Motiva. Hemos tenido&#8230;<\/p>\n","protected":false},"author":1,"featured_media":0,"comment_status":"open","ping_status":"open","sticky":false,"template":"","format":"standard","meta":{"footnotes":""},"categories":[],"tags":[],"class_list":["post-15923","post","type-post","status-publish","format-standard","hentry"],"_links":{"self":[{"href":"https:\/\/www.urkide.org\/eu\/wp-json\/wp\/v2\/posts\/15923","targetHints":{"allow":["GET"]}}],"collection":[{"href":"https:\/\/www.urkide.org\/eu\/wp-json\/wp\/v2\/posts"}],"about":[{"href":"https:\/\/www.urkide.org\/eu\/wp-json\/wp\/v2\/types\/post"}],"author":[{"embeddable":true,"href":"https:\/\/www.urkide.org\/eu\/wp-json\/wp\/v2\/users\/1"}],"replies":[{"embeddable":true,"href":"https:\/\/www.urkide.org\/eu\/wp-json\/wp\/v2\/comments?post=15923"}],"version-history":[{"count":0,"href":"https:\/\/www.urkide.org\/eu\/wp-json\/wp\/v2\/posts\/15923\/revisions"}],"wp:attachment":[{"href":"https:\/\/www.urkide.org\/eu\/wp-json\/wp\/v2\/media?parent=15923"}],"wp:term":[{"taxonomy":"category","embeddable":true,"href":"https:\/\/www.urkide.org\/eu\/wp-json\/wp\/v2\/categories?post=15923"},{"taxonomy":"post_tag","embeddable":true,"href":"https:\/\/www.urkide.org\/eu\/wp-json\/wp\/v2\/tags?post=15923"}],"curies":[{"name":"wp","href":"https:\/\/api.w.org\/{rel}","templated":true}]}}