{"id":15970,"date":"2023-01-24T10:55:26","date_gmt":"2023-01-24T10:55:26","guid":{"rendered":"https:\/\/www.urkide.org\/ii-vuelta-al-cole\/"},"modified":"2023-01-24T10:55:26","modified_gmt":"2023-01-24T10:55:26","slug":"ii-vuelta-al-cole","status":"publish","type":"post","link":"https:\/\/www.urkide.org\/eu\/ii-vuelta-al-cole\/","title":{"rendered":"II Vuelta al Cole"},"content":{"rendered":"<p style=\"margin: 0cm; margin-bottom: .0001pt;\"><span style=\"font-family: 'Arial',sans-serif; color: black;\">El lunes 23 de octubre a las 11:00 de la ma\u00f1ana celebramos la II Vuelta al cole para apoyar a la fundaci\u00f3n \u201cunoentrecienmil\u201d en la lucha contra la leucemia infantil. En primaria entre todos\/as hemos recaudado 545 \u20ac que ir\u00e1n \u00edntegramente a esta fundaci\u00f3n que dedica el dinero a becas de investigaci\u00f3n.<\/span><\/p>\n<p style=\"margin: 0cm; margin-bottom: .0001pt;\">Muchas gracias<\/p>\n<div class=\"embed-responsive embed-responsive-16by9 mb-25\"><iframe loading=\"lazy\" title=\"20171102 Vuelta al cole video 1\" width=\"1170\" height=\"658\" src=\"https:\/\/www.youtube.com\/embed\/pmuku5XaZf8?feature=oembed\" frameborder=\"0\" allow=\"accelerometer; autoplay; clipboard-write; encrypted-media; gyroscope; picture-in-picture; web-share\" allowfullscreen><\/iframe><\/div>\n<div class=\"embed-responsive embed-responsive-16by9 mb-25\"><iframe loading=\"lazy\" title=\"20171102 Vuelta al cole video 2\" width=\"1170\" height=\"658\" src=\"https:\/\/www.youtube.com\/embed\/OoLi0yFlThg?feature=oembed\" frameborder=\"0\" allow=\"accelerometer; autoplay; clipboard-write; encrypted-media; gyroscope; picture-in-picture; web-share\" allowfullscreen><\/iframe><\/div>\n<div class=\"embed-responsive embed-responsive-16by9 mb-25\"><iframe loading=\"lazy\" title=\"20171102 Vuelta al cole video 3\" width=\"1170\" height=\"658\" src=\"https:\/\/www.youtube.com\/embed\/zbwXnvPXDgw?feature=oembed\" frameborder=\"0\" allow=\"accelerometer; autoplay; clipboard-write; encrypted-media; gyroscope; picture-in-picture; web-share\" allowfullscreen><\/iframe><\/div>\n<div class=\"clearfix\"><\/div>","protected":false},"excerpt":{"rendered":"<p>El lunes 23 de octubre a las 11:00 de la ma\u00f1ana celebramos la II Vuelta al cole para apoyar a la fundaci\u00f3n&#8230;<\/p>\n","protected":false},"author":1,"featured_media":0,"comment_status":"open","ping_status":"open","sticky":false,"template":"","format":"standard","meta":{"footnotes":""},"categories":[],"tags":[],"class_list":["post-15970","post","type-post","status-publish","format-standard","hentry"],"_links":{"self":[{"href":"https:\/\/www.urkide.org\/eu\/wp-json\/wp\/v2\/posts\/15970","targetHints":{"allow":["GET"]}}],"collection":[{"href":"https:\/\/www.urkide.org\/eu\/wp-json\/wp\/v2\/posts"}],"about":[{"href":"https:\/\/www.urkide.org\/eu\/wp-json\/wp\/v2\/types\/post"}],"author":[{"embeddable":true,"href":"https:\/\/www.urkide.org\/eu\/wp-json\/wp\/v2\/users\/1"}],"replies":[{"embeddable":true,"href":"https:\/\/www.urkide.org\/eu\/wp-json\/wp\/v2\/comments?post=15970"}],"version-history":[{"count":0,"href":"https:\/\/www.urkide.org\/eu\/wp-json\/wp\/v2\/posts\/15970\/revisions"}],"wp:attachment":[{"href":"https:\/\/www.urkide.org\/eu\/wp-json\/wp\/v2\/media?parent=15970"}],"wp:term":[{"taxonomy":"category","embeddable":true,"href":"https:\/\/www.urkide.org\/eu\/wp-json\/wp\/v2\/categories?post=15970"},{"taxonomy":"post_tag","embeddable":true,"href":"https:\/\/www.urkide.org\/eu\/wp-json\/wp\/v2\/tags?post=15970"}],"curies":[{"name":"wp","href":"https:\/\/api.w.org\/{rel}","templated":true}]}}