{"id":15976,"date":"2023-01-24T10:55:26","date_gmt":"2023-01-24T10:55:26","guid":{"rendered":"https:\/\/www.urkide.org\/cambio-climatico-y-el-te-que-nos-bebemos\/"},"modified":"2023-01-24T10:55:26","modified_gmt":"2023-01-24T10:55:26","slug":"cambio-climatico-y-el-te-que-nos-bebemos","status":"publish","type":"post","link":"https:\/\/www.urkide.org\/eu\/cambio-climatico-y-el-te-que-nos-bebemos\/","title":{"rendered":"Cambio clim\u00e1tico y el t\u00e9 que nos bebemos"},"content":{"rendered":"<p style=\"margin: 0cm; margin-bottom: .0001pt; text-align: justify;\"><span style=\"font-size: 14.0pt; color: red;\">\u00bfPuede ayudarnos a entender el cambio clim\u00e1tico el t\u00e9 que nos bebemos? <\/span><\/p>\n<p style=\"margin: 0cm; margin-bottom: .0001pt; text-align: justify;\"><span style=\"font-size: 11.0pt; font-family: 'Arial',sans-serif; color: black;\">CREAF (<\/span><span style=\"font-size: 9.5pt;\"><a style=\"text-decoration-line: none;\" href=\"http:\/\/www.creaf.cat\/es\" target=\"_blank\" rel=\"noopener\"><span style=\"font-size: 11.0pt; font-family: 'Arial',sans-serif;\">http:\/\/www.creaf.cat\/es<\/span><\/a><\/span><span style=\"font-size: 11.0pt; font-family: 'Arial',sans-serif; color: black;\">)<\/span><\/p>\n<p style=\"margin: 0cm; margin-bottom: .0001pt; text-align: justify;\"><span style=\"color: black;\">Estamos formando parte de uno de los mayores experimentos de descomposici\u00f3n que se hayan puesto en marcha hasta la fecha. Existe una tremenda variaci\u00f3n global en la tasa de descomposici\u00f3n. En ambientes fr\u00edos, por ejemplo, la descomposici\u00f3n es m\u00e1s lenta que en ambientes c\u00e1lidos. Factores como el contenido de humedad, la acidez o el contenido de nutrientes de los suelos, pueden tener gran influencia en c\u00f3mo de r\u00e1pido ocurre la descomposici\u00f3n. Y para esto, tenemos la ayuda de j\u00f3venes cient\u00edficos que repiten un mismo experimento en distintos lugares del mundo.<\/span><\/p>\n<p style=\"margin: 0cm; margin-bottom: .0001pt; text-align: justify;\"><a href=\"http:\/\/www.urkide.org\/wp-content\/uploads\/2017\/11\/20171114-Cambio-Climatico-Te.jpg\"><img loading=\"lazy\" decoding=\"async\" class=\"aligncenter size-medium wp-image-3363\" src=\"http:\/\/www.urkide.org\/wp-content\/uploads\/2017\/11\/20171114-Cambio-Climatico-Te-225x300.jpg\" alt=\"\" width=\"225\" height=\"300\" \/><\/a><\/p>\n<p style=\"margin: 0cm; margin-bottom: .0001pt; text-align: justify;\"><span style=\"color: black;\">Explicaci\u00f3n del experimento: <\/span><\/p>\n<p style=\"margin: 0cm; margin-bottom: .0001pt; text-align: justify;\"><span style=\"color: black;\">Hemos pesado y enterrado bolsas de t\u00e9 y dentro de tres meses las desenterramos y volveremos a pesarlas.<\/span><\/p>\n<p style=\"margin: 0cm; margin-bottom: .0001pt; text-align: justify;\"><span style=\"color: black;\">Durante la descomposici\u00f3n de estos materiales org\u00e1nicos (las bolsa de t\u00e9), parte del carbono que contienen se libera a la atm\u00f3sfera en forma de di\u00f3xido de carbono (CO<\/span><sub><span style=\"font-size: 7.0pt; color: black;\">2<\/span><\/sub><span style=\"color: black;\">), que es un gas de efecto invernadero. <\/span><\/p>\n<p style=\"margin: 0cm; margin-bottom: .0001pt; text-align: justify;\"><span style=\"color: black;\">Para poder estimar mejor las emisiones de CO<\/span><sub><span style=\"font-size: 7.0pt; color: black;\">2<\/span><\/sub><span style=\"color: black;\"> desde los suelos del mundo, es importante saber m\u00e1s de la velocidad de descomposici\u00f3n de la materia org\u00e1nica, que se ve muy afectada por el clima.<\/span><\/p>\n<p style=\"margin: 0cm; margin-bottom: .0001pt; text-align: justify;\"><span style=\"color: black;\">Os invitamos a ver el v\u00eddeo de nuestros investigadores:<\/span><\/p>\n<p style=\"margin: 0cm; margin-bottom: .0001pt; text-align: justify;\"><a style=\"text-decoration-line: none;\" href=\"https:\/\/drive.google.com\/a\/urkide.org\/file\/d\/0B_7BqTluN258RGhfZ1VIYWZOZFU\/view?usp=sharing\" target=\"_blank\" rel=\"noopener\">https:\/\/drive.google.com\/a\/urkide.org\/file\/d\/0B_7BqTluN258RGhfZ1VIYWZOZFU\/view?usp=sharing<\/a><\/p>\n<div class=\"clearfix\"><\/div>","protected":false},"excerpt":{"rendered":"<p>\u00bfPuede ayudarnos a entender el cambio clim\u00e1tico el t\u00e9 que nos bebemos? CREAF (http:\/\/www.creaf.cat\/es) Estamos formando parte de uno de los mayores&#8230;<\/p>\n","protected":false},"author":1,"featured_media":0,"comment_status":"open","ping_status":"open","sticky":false,"template":"","format":"standard","meta":{"footnotes":""},"categories":[],"tags":[],"class_list":["post-15976","post","type-post","status-publish","format-standard","hentry"],"_links":{"self":[{"href":"https:\/\/www.urkide.org\/eu\/wp-json\/wp\/v2\/posts\/15976","targetHints":{"allow":["GET"]}}],"collection":[{"href":"https:\/\/www.urkide.org\/eu\/wp-json\/wp\/v2\/posts"}],"about":[{"href":"https:\/\/www.urkide.org\/eu\/wp-json\/wp\/v2\/types\/post"}],"author":[{"embeddable":true,"href":"https:\/\/www.urkide.org\/eu\/wp-json\/wp\/v2\/users\/1"}],"replies":[{"embeddable":true,"href":"https:\/\/www.urkide.org\/eu\/wp-json\/wp\/v2\/comments?post=15976"}],"version-history":[{"count":0,"href":"https:\/\/www.urkide.org\/eu\/wp-json\/wp\/v2\/posts\/15976\/revisions"}],"wp:attachment":[{"href":"https:\/\/www.urkide.org\/eu\/wp-json\/wp\/v2\/media?parent=15976"}],"wp:term":[{"taxonomy":"category","embeddable":true,"href":"https:\/\/www.urkide.org\/eu\/wp-json\/wp\/v2\/categories?post=15976"},{"taxonomy":"post_tag","embeddable":true,"href":"https:\/\/www.urkide.org\/eu\/wp-json\/wp\/v2\/tags?post=15976"}],"curies":[{"name":"wp","href":"https:\/\/api.w.org\/{rel}","templated":true}]}}