{"id":15991,"date":"2023-01-24T10:55:29","date_gmt":"2023-01-24T10:55:29","guid":{"rendered":"https:\/\/www.urkide.org\/markel-campo-antiguo-alumno-publica-un-libro-de-poesia\/"},"modified":"2023-01-24T10:55:29","modified_gmt":"2023-01-24T10:55:29","slug":"markel-campo-antiguo-alumno-publica-un-libro-de-poesia","status":"publish","type":"post","link":"https:\/\/www.urkide.org\/eu\/markel-campo-antiguo-alumno-publica-un-libro-de-poesia\/","title":{"rendered":"Markel Campo, antiguo alumno, publica un libro de poes\u00eda"},"content":{"rendered":"<p lang=\"zxx\" align=\"justify\">Nuestro antiguo alumno Markel Campo ha publicado un libro de poemas que pod\u00e9is adquirir en las librer\u00edas de nuestra ciudad.<\/p>\n<p lang=\"zxx\" align=\"justify\"><a href=\"http:\/\/www.urkide.org\/wp-content\/uploads\/2018\/02\/20180223-Markel-Campo.jpg\"><img loading=\"lazy\" decoding=\"async\" class=\"aligncenter size-medium wp-image-3593\" src=\"http:\/\/www.urkide.org\/wp-content\/uploads\/2018\/02\/20180223-Markel-Campo-300x225.jpg\" alt=\"\" width=\"300\" height=\"225\" \/><\/a><\/p>\n<p lang=\"zxx\" align=\"justify\">Bajo el t\u00edtulo Poemas de gracia y muerte. El ciervo duerme bajo s\u00e1banas blancas, Markel Campo nos ofrece una cuidada edici\u00f3n, de l\u00ednea vanguardista, donde la palabra se mezcla con referencias espaciales, matem\u00e1ticas, mitol\u00f3gicas en una lectura que supone un interesante reto para el lector. Una lectura que nos lanza a los grandes interrogantes donde la palabra, en muchas ocasiones, se nos muestra traspasada por la ausencia.<\/p>\n<p lang=\"zxx\" align=\"justify\">Enhorabuena Markel, esperamos que tus versos lleguen muy lejos.<\/p>\n<div class=\"clearfix\"><\/div>","protected":false},"excerpt":{"rendered":"<p>Nuestro antiguo alumno Markel Campo ha publicado un libro de poemas que pod\u00e9is adquirir en las librer\u00edas de nuestra ciudad. Bajo el&#8230;<\/p>\n","protected":false},"author":1,"featured_media":0,"comment_status":"open","ping_status":"open","sticky":false,"template":"","format":"standard","meta":{"footnotes":""},"categories":[],"tags":[],"class_list":["post-15991","post","type-post","status-publish","format-standard","hentry"],"_links":{"self":[{"href":"https:\/\/www.urkide.org\/eu\/wp-json\/wp\/v2\/posts\/15991","targetHints":{"allow":["GET"]}}],"collection":[{"href":"https:\/\/www.urkide.org\/eu\/wp-json\/wp\/v2\/posts"}],"about":[{"href":"https:\/\/www.urkide.org\/eu\/wp-json\/wp\/v2\/types\/post"}],"author":[{"embeddable":true,"href":"https:\/\/www.urkide.org\/eu\/wp-json\/wp\/v2\/users\/1"}],"replies":[{"embeddable":true,"href":"https:\/\/www.urkide.org\/eu\/wp-json\/wp\/v2\/comments?post=15991"}],"version-history":[{"count":0,"href":"https:\/\/www.urkide.org\/eu\/wp-json\/wp\/v2\/posts\/15991\/revisions"}],"wp:attachment":[{"href":"https:\/\/www.urkide.org\/eu\/wp-json\/wp\/v2\/media?parent=15991"}],"wp:term":[{"taxonomy":"category","embeddable":true,"href":"https:\/\/www.urkide.org\/eu\/wp-json\/wp\/v2\/categories?post=15991"},{"taxonomy":"post_tag","embeddable":true,"href":"https:\/\/www.urkide.org\/eu\/wp-json\/wp\/v2\/tags?post=15991"}],"curies":[{"name":"wp","href":"https:\/\/api.w.org\/{rel}","templated":true}]}}