{"id":15995,"date":"2023-01-24T10:55:29","date_gmt":"2023-01-24T10:55:29","guid":{"rendered":"https:\/\/www.urkide.org\/concurso-jovenes-talentos-de-relato-corto-de-coca-cola\/"},"modified":"2023-01-24T10:55:29","modified_gmt":"2023-01-24T10:55:29","slug":"concurso-jovenes-talentos-de-relato-corto-de-coca-cola","status":"publish","type":"post","link":"https:\/\/www.urkide.org\/eu\/concurso-jovenes-talentos-de-relato-corto-de-coca-cola\/","title":{"rendered":"Concurso j\u00f3venes talentos de relato corto de Coca Cola"},"content":{"rendered":"<p>M\u00eda, Ane, Miriam, Ane, Irene, June, Marta, Adri\u00e1n, Gaizka, Inhar, Miren y Eva, alumnos de 2\u00ba de ESO, han participado hoy en la edici\u00f3n n\u00famero 58 del Concurso J\u00f3venes Talentos de Relato Corto de Coca-Cola.<\/p>\n<p><a href=\"http:\/\/www.urkide.org\/wp-content\/uploads\/2018\/03\/20180319-CocaCola-Alumnos.jpg\"><img loading=\"lazy\" decoding=\"async\" class=\"aligncenter size-medium wp-image-3618\" src=\"http:\/\/www.urkide.org\/wp-content\/uploads\/2018\/03\/20180319-CocaCola-Alumnos-300x225.jpg\" alt=\"\" width=\"300\" height=\"225\" \/><\/a><\/p>\n<p>Los participantes, al comenzar la prueba, han recibido un est\u00edmulo que les ha servido de inspiraci\u00f3n: una singular br\u00fajula.<\/p>\n<p><a href=\"http:\/\/www.urkide.org\/wp-content\/uploads\/2018\/03\/20180319-CocaCola-Br\u00fajula.jpg\"><img loading=\"lazy\" decoding=\"async\" class=\"aligncenter size-medium wp-image-3619\" src=\"http:\/\/www.urkide.org\/wp-content\/uploads\/2018\/03\/20180319-CocaCola-Br\u00fajula-300x225.jpg\" alt=\"\" width=\"300\" height=\"225\" \/><\/a><\/p>\n<p>\u00a1Suerte!<\/p>\n<div class=\"clearfix\"><\/div>","protected":false},"excerpt":{"rendered":"<p>M\u00eda, Ane, Miriam, Ane, Irene, June, Marta, Adri\u00e1n, Gaizka, Inhar, Miren y Eva, alumnos de 2\u00ba de ESO, han participado hoy en&#8230;<\/p>\n","protected":false},"author":1,"featured_media":0,"comment_status":"open","ping_status":"open","sticky":false,"template":"","format":"standard","meta":{"footnotes":""},"categories":[],"tags":[],"class_list":["post-15995","post","type-post","status-publish","format-standard","hentry"],"_links":{"self":[{"href":"https:\/\/www.urkide.org\/eu\/wp-json\/wp\/v2\/posts\/15995","targetHints":{"allow":["GET"]}}],"collection":[{"href":"https:\/\/www.urkide.org\/eu\/wp-json\/wp\/v2\/posts"}],"about":[{"href":"https:\/\/www.urkide.org\/eu\/wp-json\/wp\/v2\/types\/post"}],"author":[{"embeddable":true,"href":"https:\/\/www.urkide.org\/eu\/wp-json\/wp\/v2\/users\/1"}],"replies":[{"embeddable":true,"href":"https:\/\/www.urkide.org\/eu\/wp-json\/wp\/v2\/comments?post=15995"}],"version-history":[{"count":0,"href":"https:\/\/www.urkide.org\/eu\/wp-json\/wp\/v2\/posts\/15995\/revisions"}],"wp:attachment":[{"href":"https:\/\/www.urkide.org\/eu\/wp-json\/wp\/v2\/media?parent=15995"}],"wp:term":[{"taxonomy":"category","embeddable":true,"href":"https:\/\/www.urkide.org\/eu\/wp-json\/wp\/v2\/categories?post=15995"},{"taxonomy":"post_tag","embeddable":true,"href":"https:\/\/www.urkide.org\/eu\/wp-json\/wp\/v2\/tags?post=15995"}],"curies":[{"name":"wp","href":"https:\/\/api.w.org\/{rel}","templated":true}]}}