{"id":15996,"date":"2023-01-24T10:55:29","date_gmt":"2023-01-24T10:55:29","guid":{"rendered":"https:\/\/www.urkide.org\/intercambio-con-el-colegio-gil-gymnasium-marl-en-alemania\/"},"modified":"2023-01-24T10:55:29","modified_gmt":"2023-01-24T10:55:29","slug":"intercambio-con-el-colegio-gil-gymnasium-marl-en-alemania","status":"publish","type":"post","link":"https:\/\/www.urkide.org\/eu\/intercambio-con-el-colegio-gil-gymnasium-marl-en-alemania\/","title":{"rendered":"Intercambio con el colegio Gil Gymnasium Marl en Alemania"},"content":{"rendered":"<p>Esta semana nos visitan como en a\u00f1os anteriores alumnos alemanes de Marl. Aqu\u00ed estamos en el ayuntamiento. Nos acompa\u00f1ar\u00e1n hasta el viernes. Nosotros les devolveremos la visita en septiembre.<\/p>\n<p>Viel Spass!!<\/p>\n<p><a href=\"http:\/\/www.urkide.org\/wp-content\/uploads\/2018\/03\/20180321-Intercambio.jpg\"><img loading=\"lazy\" decoding=\"async\" class=\"aligncenter size-medium wp-image-3624\" src=\"http:\/\/www.urkide.org\/wp-content\/uploads\/2018\/03\/20180321-Intercambio-300x208.jpg\" alt=\"\" width=\"300\" height=\"208\" \/><\/a><\/p>\n<div class=\"clearfix\"><\/div>","protected":false},"excerpt":{"rendered":"<p>Esta semana nos visitan como en a\u00f1os anteriores alumnos alemanes de Marl. Aqu\u00ed estamos en el ayuntamiento. Nos acompa\u00f1ar\u00e1n hasta el viernes&#8230;.<\/p>\n","protected":false},"author":1,"featured_media":0,"comment_status":"open","ping_status":"open","sticky":false,"template":"","format":"standard","meta":{"footnotes":""},"categories":[],"tags":[],"class_list":["post-15996","post","type-post","status-publish","format-standard","hentry"],"_links":{"self":[{"href":"https:\/\/www.urkide.org\/eu\/wp-json\/wp\/v2\/posts\/15996","targetHints":{"allow":["GET"]}}],"collection":[{"href":"https:\/\/www.urkide.org\/eu\/wp-json\/wp\/v2\/posts"}],"about":[{"href":"https:\/\/www.urkide.org\/eu\/wp-json\/wp\/v2\/types\/post"}],"author":[{"embeddable":true,"href":"https:\/\/www.urkide.org\/eu\/wp-json\/wp\/v2\/users\/1"}],"replies":[{"embeddable":true,"href":"https:\/\/www.urkide.org\/eu\/wp-json\/wp\/v2\/comments?post=15996"}],"version-history":[{"count":0,"href":"https:\/\/www.urkide.org\/eu\/wp-json\/wp\/v2\/posts\/15996\/revisions"}],"wp:attachment":[{"href":"https:\/\/www.urkide.org\/eu\/wp-json\/wp\/v2\/media?parent=15996"}],"wp:term":[{"taxonomy":"category","embeddable":true,"href":"https:\/\/www.urkide.org\/eu\/wp-json\/wp\/v2\/categories?post=15996"},{"taxonomy":"post_tag","embeddable":true,"href":"https:\/\/www.urkide.org\/eu\/wp-json\/wp\/v2\/tags?post=15996"}],"curies":[{"name":"wp","href":"https:\/\/api.w.org\/{rel}","templated":true}]}}