{"id":16008,"date":"2023-01-24T10:55:32","date_gmt":"2023-01-24T10:55:32","guid":{"rendered":"https:\/\/www.urkide.org\/cinco-alumnos-de-urkide-en-el-congreso-investiga-idi-2018\/"},"modified":"2023-01-24T10:55:32","modified_gmt":"2023-01-24T10:55:32","slug":"cinco-alumnos-de-urkide-en-el-congreso-investiga-idi-2018","status":"publish","type":"post","link":"https:\/\/www.urkide.org\/eu\/cinco-alumnos-de-urkide-en-el-congreso-investiga-idi-2018\/","title":{"rendered":"Cinco alumnos de URKIDE en el congreso  \u201cINVESTIGA I+D+i\u201d 2018"},"content":{"rendered":"<p>Por quinto a\u00f1o consecutivo, cinco alumnos de 4\u00ba de ESO del Colegio han sido seleccionados para participar en el Congreso\u00a0\u201cInvestiga\u00a0I+D+i\u201d que se celebrar\u00e1 en Madrid los d\u00edas 18, 19 y 20 de mayo.<\/p>\n<p>Los cinco alumnos compartir\u00e1n actividades con\u00a0alumnos de otros diecinueve Centros Educativos y sesiones con expertos del CSIC de diferentes campos.<\/p>\n<p>Los alumnos seleccionados y los trabajos de investigaci\u00f3n presentados son los siguientes:<\/p>\n<ul>\n<li>Izaskun Paniagua,\n<ul>\n<li>Biociencias: &#8220;Longevidad eterna, adi\u00f3s a los finales&#8221;<\/li>\n<\/ul>\n<\/li>\n<li>Pablo Baceiredo,\n<ul>\n<li>Ciencias del espacio: &#8220;Los limpiadores espaciales&#8221;.<\/li>\n<\/ul>\n<\/li>\n<li>Ane \u00c1lvarez,\n<ul>\n<li>Tecnolog\u00edas de la informaci\u00f3n y las Comunicaciones: &#8220;Pr\u00f3tesis \u00b73D, el futuro ya est\u00e1 aqu\u00ed&#8221;.<\/li>\n<\/ul>\n<\/li>\n<li>I\u00f1aki Ascasibar,\n<ul>\n<li>Nanotecnolog\u00eda y nuevos materiales: \u201cNanotecnolog\u00eda y su aplicaci\u00f3n contra el c\u00e1ncer&#8221;<\/li>\n<\/ul>\n<\/li>\n<li>Cristina M\u00e1rquez,\n<ul>\n<li>Energ\u00eda y medioambiente: &#8220;El futuro energ\u00e9tico en la generaci\u00f3n distribuida&#8221;.<\/li>\n<\/ul>\n<\/li>\n<\/ul>\n<p><a href=\"http:\/\/www.urkide.org\/wp-content\/uploads\/2018\/05\/20180509-Investiga.jpg\"><img loading=\"lazy\" decoding=\"async\" class=\"aligncenter size-medium wp-image-3730\" src=\"http:\/\/www.urkide.org\/wp-content\/uploads\/2018\/05\/20180509-Investiga-300x168.jpg\" alt=\"\" width=\"300\" height=\"168\" \/><\/a><\/p>\n<p><span style=\"font-size: 10pt;\"><em>Foto de la entrega de Diplomas a los alumnos del Colegio que presentaron sus Proyectos de Investigaci\u00f3n en este curso.<\/em><\/span><\/p>\n<p>\u00a1Enhorabuena a todos!<\/p>\n<div class=\"clearfix\"><\/div>","protected":false},"excerpt":{"rendered":"<p>Por quinto a\u00f1o consecutivo, cinco alumnos de 4\u00ba de ESO del Colegio han sido seleccionados para participar en el Congreso\u00a0\u201cInvestiga\u00a0I+D+i\u201d que se&#8230;<\/p>\n","protected":false},"author":1,"featured_media":0,"comment_status":"open","ping_status":"open","sticky":false,"template":"","format":"standard","meta":{"footnotes":""},"categories":[],"tags":[],"class_list":["post-16008","post","type-post","status-publish","format-standard","hentry"],"_links":{"self":[{"href":"https:\/\/www.urkide.org\/eu\/wp-json\/wp\/v2\/posts\/16008","targetHints":{"allow":["GET"]}}],"collection":[{"href":"https:\/\/www.urkide.org\/eu\/wp-json\/wp\/v2\/posts"}],"about":[{"href":"https:\/\/www.urkide.org\/eu\/wp-json\/wp\/v2\/types\/post"}],"author":[{"embeddable":true,"href":"https:\/\/www.urkide.org\/eu\/wp-json\/wp\/v2\/users\/1"}],"replies":[{"embeddable":true,"href":"https:\/\/www.urkide.org\/eu\/wp-json\/wp\/v2\/comments?post=16008"}],"version-history":[{"count":0,"href":"https:\/\/www.urkide.org\/eu\/wp-json\/wp\/v2\/posts\/16008\/revisions"}],"wp:attachment":[{"href":"https:\/\/www.urkide.org\/eu\/wp-json\/wp\/v2\/media?parent=16008"}],"wp:term":[{"taxonomy":"category","embeddable":true,"href":"https:\/\/www.urkide.org\/eu\/wp-json\/wp\/v2\/categories?post=16008"},{"taxonomy":"post_tag","embeddable":true,"href":"https:\/\/www.urkide.org\/eu\/wp-json\/wp\/v2\/tags?post=16008"}],"curies":[{"name":"wp","href":"https:\/\/api.w.org\/{rel}","templated":true}]}}