{"id":16014,"date":"2023-01-24T10:55:34","date_gmt":"2023-01-24T10:55:34","guid":{"rendered":"https:\/\/www.urkide.org\/pablo-baceiredo-a-la-semana-del-investigador\/"},"modified":"2023-01-24T10:55:34","modified_gmt":"2023-01-24T10:55:34","slug":"pablo-baceiredo-a-la-semana-del-investigador","status":"publish","type":"post","link":"https:\/\/www.urkide.org\/eu\/pablo-baceiredo-a-la-semana-del-investigador\/","title":{"rendered":"Pablo Baceiredo, a la Semana del Investigador"},"content":{"rendered":"<p>Pablo Baceiredo, alumno de 4\u00ba de ESO, ha sido seleccionado para participar en la Semana del Investigador que organiza la Fundaci\u00f3n San Patricio dentro del Programa Investiga I+D+I.<\/p>\n<p>Del 24 al 28 de junio, Pablo se encontrar\u00e1 con expertos del CSIC con los que realizar\u00e1 actividades en diferentes laboratorios y observatorios de investigaci\u00f3n. Pablo es uno de los tres elegidos dentro de la L\u00ednea de Investigaci\u00f3n de Ciencias del Espacio.<\/p>\n<p>En el reciente Congreso de Investiga I+D+i, Pablo fue elegido por los compa\u00f1eros de su l\u00ednea para defender la ponencia \u201cBasura espacial\u201d, ponencia que present\u00f3 con claridad y que result\u00f3 de mucho inter\u00e9s para para las m\u00e1s de 250 personas asistentes.<\/p>\n<p>En la imagen se puede ver un momento de su intervenci\u00f3n en este Congreso.<\/p>\n<p><a href=\"http:\/\/www.urkide.org\/wp-content\/uploads\/2018\/05\/20180531-Iberdrola.jpg\"><img loading=\"lazy\" decoding=\"async\" class=\"aligncenter size-medium wp-image-3772\" src=\"http:\/\/www.urkide.org\/wp-content\/uploads\/2018\/05\/20180531-Iberdrola-300x200.jpg\" alt=\"\" width=\"300\" height=\"200\" \/><\/a><\/p>\n<div class=\"clearfix\"><\/div>","protected":false},"excerpt":{"rendered":"<p>Pablo Baceiredo, alumno de 4\u00ba de ESO, ha sido seleccionado para participar en la Semana del Investigador que organiza la Fundaci\u00f3n San&#8230;<\/p>\n","protected":false},"author":1,"featured_media":0,"comment_status":"open","ping_status":"open","sticky":false,"template":"","format":"standard","meta":{"footnotes":""},"categories":[],"tags":[],"class_list":["post-16014","post","type-post","status-publish","format-standard","hentry"],"_links":{"self":[{"href":"https:\/\/www.urkide.org\/eu\/wp-json\/wp\/v2\/posts\/16014","targetHints":{"allow":["GET"]}}],"collection":[{"href":"https:\/\/www.urkide.org\/eu\/wp-json\/wp\/v2\/posts"}],"about":[{"href":"https:\/\/www.urkide.org\/eu\/wp-json\/wp\/v2\/types\/post"}],"author":[{"embeddable":true,"href":"https:\/\/www.urkide.org\/eu\/wp-json\/wp\/v2\/users\/1"}],"replies":[{"embeddable":true,"href":"https:\/\/www.urkide.org\/eu\/wp-json\/wp\/v2\/comments?post=16014"}],"version-history":[{"count":0,"href":"https:\/\/www.urkide.org\/eu\/wp-json\/wp\/v2\/posts\/16014\/revisions"}],"wp:attachment":[{"href":"https:\/\/www.urkide.org\/eu\/wp-json\/wp\/v2\/media?parent=16014"}],"wp:term":[{"taxonomy":"category","embeddable":true,"href":"https:\/\/www.urkide.org\/eu\/wp-json\/wp\/v2\/categories?post=16014"},{"taxonomy":"post_tag","embeddable":true,"href":"https:\/\/www.urkide.org\/eu\/wp-json\/wp\/v2\/tags?post=16014"}],"curies":[{"name":"wp","href":"https:\/\/api.w.org\/{rel}","templated":true}]}}