{"id":16016,"date":"2023-01-24T10:55:34","date_gmt":"2023-01-24T10:55:34","guid":{"rendered":"https:\/\/www.urkide.org\/abrete-urkide-gure-artean-miro-a-gaudi\/"},"modified":"2023-01-24T10:55:34","modified_gmt":"2023-01-24T10:55:34","slug":"abrete-urkide-gure-artean-miro-a-gaudi","status":"publish","type":"post","link":"https:\/\/www.urkide.org\/eu\/abrete-urkide-gure-artean-miro-a-gaudi\/","title":{"rendered":"\u00c1brete Urkide Gure Artean: Mir\u00f3 a Gaud\u00ed"},"content":{"rendered":"<p>Os compartimos la noticia de la \u00faltima sesi\u00f3n de&#8221;\u00c1brete Urkide Gure Artean&#8221;. \u00a1\u00a1Con el taller &#8220;Mir\u00f3 a Gaud\u00ed&#8221; hicimos unos mosaicos muy chulos y uniendo todas estas obras de arte construimos el logo del colegio!!. Adem\u00e1s vimos como se hace un programa de televisi\u00f3n y \u00a1\u00a1participamos en \u00e9l!!<\/p>\n<p>Nuevamente se consigui\u00f3 crear un ambiente muy bonito con el trabajo conjunto de familias e hijos\/as.<\/p>\n<p>\u00a1\u00a1Muchas gracias a todos los participantes!!<\/p>\n<div class=\"embed-responsive embed-responsive-16by9 mb-25\"><iframe loading=\"lazy\" title=\"\u00c1brete Urkide Gure Artean &quot;Relajaci\u00f3n y Creatividad&quot;\" width=\"1170\" height=\"658\" src=\"https:\/\/www.youtube.com\/embed\/1fuwyjkxEhA?feature=oembed\" frameborder=\"0\" allow=\"accelerometer; autoplay; clipboard-write; encrypted-media; gyroscope; picture-in-picture; web-share\" allowfullscreen><\/iframe><\/div>\n<div class=\"clearfix\"><\/div>","protected":false},"excerpt":{"rendered":"<p>Os compartimos la noticia de la \u00faltima sesi\u00f3n de&#8221;\u00c1brete Urkide Gure Artean&#8221;. \u00a1\u00a1Con el taller &#8220;Mir\u00f3 a Gaud\u00ed&#8221; hicimos unos mosaicos muy&#8230;<\/p>\n","protected":false},"author":1,"featured_media":0,"comment_status":"open","ping_status":"open","sticky":false,"template":"","format":"standard","meta":{"footnotes":""},"categories":[],"tags":[],"class_list":["post-16016","post","type-post","status-publish","format-standard","hentry"],"_links":{"self":[{"href":"https:\/\/www.urkide.org\/eu\/wp-json\/wp\/v2\/posts\/16016","targetHints":{"allow":["GET"]}}],"collection":[{"href":"https:\/\/www.urkide.org\/eu\/wp-json\/wp\/v2\/posts"}],"about":[{"href":"https:\/\/www.urkide.org\/eu\/wp-json\/wp\/v2\/types\/post"}],"author":[{"embeddable":true,"href":"https:\/\/www.urkide.org\/eu\/wp-json\/wp\/v2\/users\/1"}],"replies":[{"embeddable":true,"href":"https:\/\/www.urkide.org\/eu\/wp-json\/wp\/v2\/comments?post=16016"}],"version-history":[{"count":0,"href":"https:\/\/www.urkide.org\/eu\/wp-json\/wp\/v2\/posts\/16016\/revisions"}],"wp:attachment":[{"href":"https:\/\/www.urkide.org\/eu\/wp-json\/wp\/v2\/media?parent=16016"}],"wp:term":[{"taxonomy":"category","embeddable":true,"href":"https:\/\/www.urkide.org\/eu\/wp-json\/wp\/v2\/categories?post=16016"},{"taxonomy":"post_tag","embeddable":true,"href":"https:\/\/www.urkide.org\/eu\/wp-json\/wp\/v2\/tags?post=16016"}],"curies":[{"name":"wp","href":"https:\/\/api.w.org\/{rel}","templated":true}]}}