{"id":16041,"date":"2023-01-24T10:55:40","date_gmt":"2023-01-24T10:55:40","guid":{"rendered":"https:\/\/www.urkide.org\/a-de-oro\/"},"modified":"2023-01-24T10:55:40","modified_gmt":"2023-01-24T10:55:40","slug":"a-de-oro","status":"publish","type":"post","link":"https:\/\/www.urkide.org\/eu\/a-de-oro\/","title":{"rendered":"A de Oro"},"content":{"rendered":"<p>Desde <strong>Urkide<\/strong> queremos compartir con toda nuestra comunidad educativa la obtenci\u00f3n de la<span style=\"color: #ff0000;\"> <strong>A de oro en el Premio Vasco a la Gesti\u00f3n Avanzada<\/strong><\/span><strong>, m\u00e1ximo galard\u00f3n que <\/strong>reconoce a las organizaciones m\u00e1s avanzadas en sus pr\u00e1cticas de gesti\u00f3n. Este reconocimiento ser\u00e1 entregado el pr\u00f3ximo d\u00eda <strong>12 de diciembre, a las 18:30 h, en el Palacio Euskalduna de Bilbao.<\/strong><\/p>\n<p><a href=\"http:\/\/www.urkide.org\/wp-content\/uploads\/2018\/12\/20181204-A-Oro.jpg\"><img loading=\"lazy\" decoding=\"async\" class=\"aligncenter wp-image-4024 size-medium\" src=\"http:\/\/www.urkide.org\/wp-content\/uploads\/2018\/12\/20181204-A-Oro-201x300.jpg\" width=\"201\" height=\"300\" \/><\/a><\/p>\n<p>Estos reconocimientos del <strong>Gobierno Vasco<\/strong> son alcanzados por aquellas empresas, centros de educaci\u00f3n, centros sanitarios y otras organizaciones de Euskadi que demuestran un alto nivel de desarrollo o avance en sus pr\u00e1cticas de gesti\u00f3n.<\/p>\n<p>Para conseguir este premio un equipo de personas expertas, independientes y ajenas a ella han realizado un <strong>an\u00e1lisis global y sistem\u00e1tico de la gesti\u00f3n de la organizaci\u00f3n<\/strong>, y han elaborado un informe que incluye una visi\u00f3n objetiva del grado de avance de la misma, de sus puntos fuertes y \u00e1reas de mejora.<\/p>\n<p><span style=\"color: #ff0000;\"><strong>\u00a1\u00a1\u00a1Zorionak eta eskerrik asko a todos\/as los que formamos parte de Urkide!!!<\/strong><\/span><\/p>\n<div class=\"clearfix\"><\/div>","protected":false},"excerpt":{"rendered":"<p>Desde Urkide queremos compartir con toda nuestra comunidad educativa la obtenci\u00f3n de la A de oro en el Premio Vasco a la&#8230;<\/p>\n","protected":false},"author":1,"featured_media":0,"comment_status":"open","ping_status":"open","sticky":false,"template":"","format":"standard","meta":{"footnotes":""},"categories":[],"tags":[],"class_list":["post-16041","post","type-post","status-publish","format-standard","hentry"],"_links":{"self":[{"href":"https:\/\/www.urkide.org\/eu\/wp-json\/wp\/v2\/posts\/16041","targetHints":{"allow":["GET"]}}],"collection":[{"href":"https:\/\/www.urkide.org\/eu\/wp-json\/wp\/v2\/posts"}],"about":[{"href":"https:\/\/www.urkide.org\/eu\/wp-json\/wp\/v2\/types\/post"}],"author":[{"embeddable":true,"href":"https:\/\/www.urkide.org\/eu\/wp-json\/wp\/v2\/users\/1"}],"replies":[{"embeddable":true,"href":"https:\/\/www.urkide.org\/eu\/wp-json\/wp\/v2\/comments?post=16041"}],"version-history":[{"count":0,"href":"https:\/\/www.urkide.org\/eu\/wp-json\/wp\/v2\/posts\/16041\/revisions"}],"wp:attachment":[{"href":"https:\/\/www.urkide.org\/eu\/wp-json\/wp\/v2\/media?parent=16041"}],"wp:term":[{"taxonomy":"category","embeddable":true,"href":"https:\/\/www.urkide.org\/eu\/wp-json\/wp\/v2\/categories?post=16041"},{"taxonomy":"post_tag","embeddable":true,"href":"https:\/\/www.urkide.org\/eu\/wp-json\/wp\/v2\/tags?post=16041"}],"curies":[{"name":"wp","href":"https:\/\/api.w.org\/{rel}","templated":true}]}}