{"id":16061,"date":"2023-01-24T10:55:43","date_gmt":"2023-01-24T10:55:43","guid":{"rendered":"https:\/\/www.urkide.org\/tres-alumnos-de-urkide-en-la-seleccion-de-euskadi-alevin-de-futbol-sala\/"},"modified":"2023-01-24T10:55:43","modified_gmt":"2023-01-24T10:55:43","slug":"tres-alumnos-de-urkide-en-la-seleccion-de-euskadi-alevin-de-futbol-sala","status":"publish","type":"post","link":"https:\/\/www.urkide.org\/eu\/tres-alumnos-de-urkide-en-la-seleccion-de-euskadi-alevin-de-futbol-sala\/","title":{"rendered":"Tres alumnos de Urkide en la selecci\u00f3n de Euskadi alev\u00edn de F\u00fatbol Sala"},"content":{"rendered":"<p>Tres jugadores (Nicholas Kampff, Jon Arregui y Mikel Esteban) del equipo Alev\u00edn de 6\u00ba Primaria de F\u00fatbol Sala de Urkide, han sido seleccionados para representar a la Selecci\u00f3n de Euskadi en el Campeonato de Espa\u00f1a de Selecciones Auton\u00f3micas.<\/p>\n<p>Dicho campeonato se celebrar\u00e1 en Blanes (Girona) entre los d\u00edas 11 y 14 de abril.<\/p>\n<p>Desde el Colegio queremos reconocer el trabajo y la labor de la secci\u00f3n de F\u00fatbol Sala, y en particular de la entrenadora Beatriz Sevilla.<\/p>\n<p>Para destacar la relevancia y dificultad de este hecho, hemos de mencionar que estos 3 jugadores son los \u00fanicos representantes alaveses en la Selecci\u00f3n de Euskadi de este a\u00f1o.<\/p>\n<p>Zorionak a los tres seleccionados y mucha suerte en el Campeonato.<\/p>\n<p>&nbsp;<\/p>\n\n<div class=\"clearfix\"><\/div>","protected":false},"excerpt":{"rendered":"<p>Tres jugadores (Nicholas Kampff, Jon Arregui y Mikel Esteban) del equipo Alev\u00edn de 6\u00ba Primaria de F\u00fatbol Sala de Urkide, han sido&#8230;<\/p>\n","protected":false},"author":1,"featured_media":0,"comment_status":"open","ping_status":"open","sticky":false,"template":"","format":"standard","meta":{"footnotes":""},"categories":[],"tags":[],"class_list":["post-16061","post","type-post","status-publish","format-standard","hentry"],"_links":{"self":[{"href":"https:\/\/www.urkide.org\/eu\/wp-json\/wp\/v2\/posts\/16061","targetHints":{"allow":["GET"]}}],"collection":[{"href":"https:\/\/www.urkide.org\/eu\/wp-json\/wp\/v2\/posts"}],"about":[{"href":"https:\/\/www.urkide.org\/eu\/wp-json\/wp\/v2\/types\/post"}],"author":[{"embeddable":true,"href":"https:\/\/www.urkide.org\/eu\/wp-json\/wp\/v2\/users\/1"}],"replies":[{"embeddable":true,"href":"https:\/\/www.urkide.org\/eu\/wp-json\/wp\/v2\/comments?post=16061"}],"version-history":[{"count":0,"href":"https:\/\/www.urkide.org\/eu\/wp-json\/wp\/v2\/posts\/16061\/revisions"}],"wp:attachment":[{"href":"https:\/\/www.urkide.org\/eu\/wp-json\/wp\/v2\/media?parent=16061"}],"wp:term":[{"taxonomy":"category","embeddable":true,"href":"https:\/\/www.urkide.org\/eu\/wp-json\/wp\/v2\/categories?post=16061"},{"taxonomy":"post_tag","embeddable":true,"href":"https:\/\/www.urkide.org\/eu\/wp-json\/wp\/v2\/tags?post=16061"}],"curies":[{"name":"wp","href":"https:\/\/api.w.org\/{rel}","templated":true}]}}