{"id":16068,"date":"2023-01-24T10:55:43","date_gmt":"2023-01-24T10:55:43","guid":{"rendered":"https:\/\/www.urkide.org\/fonetica-inglesa-en-urkide\/"},"modified":"2023-01-24T10:55:43","modified_gmt":"2023-01-24T10:55:43","slug":"fonetica-inglesa-en-urkide","status":"publish","type":"post","link":"https:\/\/www.urkide.org\/eu\/fonetica-inglesa-en-urkide\/","title":{"rendered":"Fon\u00e9tica inglesa en Urkide"},"content":{"rendered":"<p>Los alumnos de 1\u00ba de ESO han recibido un curso de fon\u00e9tica inglesa con el objetivo de mejorar su pronunciaci\u00f3n, trabajando sonidos de especial dificultad en el idioma.<\/p>\n<p>La experiencia ha sido muy gratificante y desde aqu\u00ed queremos agradecer tanto a Amaia, Ibai y Zuri\u00f1e, estudiantes de la UPV, como a su profesora Maria Luisa Garc\u00eda Lecumberri por la calidad de su trabajo.<\/p>\n<p><a href=\"http:\/\/www.urkide.org\/wp-content\/uploads\/2019\/04\/20190412-Fonetica.jpg\"><img loading=\"lazy\" decoding=\"async\" class=\"aligncenter size-large wp-image-4335\" src=\"http:\/\/www.urkide.org\/wp-content\/uploads\/2019\/04\/20190412-Fonetica-686x1024.jpg\" alt=\"\" width=\"686\" height=\"1024\" \/><\/a><\/p>\n<div class=\"clearfix\"><\/div>","protected":false},"excerpt":{"rendered":"<p>Los alumnos de 1\u00ba de ESO han recibido un curso de fon\u00e9tica inglesa con el objetivo de mejorar su pronunciaci\u00f3n, trabajando sonidos&#8230;<\/p>\n","protected":false},"author":1,"featured_media":0,"comment_status":"open","ping_status":"open","sticky":false,"template":"","format":"standard","meta":{"footnotes":""},"categories":[],"tags":[],"class_list":["post-16068","post","type-post","status-publish","format-standard","hentry"],"_links":{"self":[{"href":"https:\/\/www.urkide.org\/eu\/wp-json\/wp\/v2\/posts\/16068","targetHints":{"allow":["GET"]}}],"collection":[{"href":"https:\/\/www.urkide.org\/eu\/wp-json\/wp\/v2\/posts"}],"about":[{"href":"https:\/\/www.urkide.org\/eu\/wp-json\/wp\/v2\/types\/post"}],"author":[{"embeddable":true,"href":"https:\/\/www.urkide.org\/eu\/wp-json\/wp\/v2\/users\/1"}],"replies":[{"embeddable":true,"href":"https:\/\/www.urkide.org\/eu\/wp-json\/wp\/v2\/comments?post=16068"}],"version-history":[{"count":0,"href":"https:\/\/www.urkide.org\/eu\/wp-json\/wp\/v2\/posts\/16068\/revisions"}],"wp:attachment":[{"href":"https:\/\/www.urkide.org\/eu\/wp-json\/wp\/v2\/media?parent=16068"}],"wp:term":[{"taxonomy":"category","embeddable":true,"href":"https:\/\/www.urkide.org\/eu\/wp-json\/wp\/v2\/categories?post=16068"},{"taxonomy":"post_tag","embeddable":true,"href":"https:\/\/www.urkide.org\/eu\/wp-json\/wp\/v2\/tags?post=16068"}],"curies":[{"name":"wp","href":"https:\/\/api.w.org\/{rel}","templated":true}]}}