{"id":16072,"date":"2023-01-24T10:55:45","date_gmt":"2023-01-24T10:55:45","guid":{"rendered":"https:\/\/www.urkide.org\/congreso-de-ciudades-michelin\/"},"modified":"2023-01-24T10:55:45","modified_gmt":"2023-01-24T10:55:45","slug":"congreso-de-ciudades-michelin","status":"publish","type":"post","link":"https:\/\/www.urkide.org\/eu\/congreso-de-ciudades-michelin\/","title":{"rendered":"Congreso de ciudades Michelin"},"content":{"rendered":"<p>El pasado viernes 29 de marzo, Irati, Alejandro, Inhar y Ane,alumnos de 3\u00b0 de la eso del centro acudimos al Congreso de ciudades Michel\u00edn.<\/p>\n<p>All\u00ed, delante de organizaciones y empresas, presentamos brevemente y mediante la utilizaci\u00f3n de carteles los proyectos del centro, as\u00ed como las cooperaciones con escuelas extranjeras y la forma de trabajar del colegio, formando un autob\u00fas al final con las 4 pancartas juntas, abriendo las puertas a colaborar con el centro.<\/p>\n<p>&nbsp;<\/p>\n\n<div class=\"clearfix\"><\/div>","protected":false},"excerpt":{"rendered":"<p>El pasado viernes 29 de marzo, Irati, Alejandro, Inhar y Ane,alumnos de 3\u00b0 de la eso del centro acudimos al Congreso de&#8230;<\/p>\n","protected":false},"author":1,"featured_media":0,"comment_status":"open","ping_status":"open","sticky":false,"template":"","format":"standard","meta":{"footnotes":""},"categories":[],"tags":[],"class_list":["post-16072","post","type-post","status-publish","format-standard","hentry"],"_links":{"self":[{"href":"https:\/\/www.urkide.org\/eu\/wp-json\/wp\/v2\/posts\/16072","targetHints":{"allow":["GET"]}}],"collection":[{"href":"https:\/\/www.urkide.org\/eu\/wp-json\/wp\/v2\/posts"}],"about":[{"href":"https:\/\/www.urkide.org\/eu\/wp-json\/wp\/v2\/types\/post"}],"author":[{"embeddable":true,"href":"https:\/\/www.urkide.org\/eu\/wp-json\/wp\/v2\/users\/1"}],"replies":[{"embeddable":true,"href":"https:\/\/www.urkide.org\/eu\/wp-json\/wp\/v2\/comments?post=16072"}],"version-history":[{"count":0,"href":"https:\/\/www.urkide.org\/eu\/wp-json\/wp\/v2\/posts\/16072\/revisions"}],"wp:attachment":[{"href":"https:\/\/www.urkide.org\/eu\/wp-json\/wp\/v2\/media?parent=16072"}],"wp:term":[{"taxonomy":"category","embeddable":true,"href":"https:\/\/www.urkide.org\/eu\/wp-json\/wp\/v2\/categories?post=16072"},{"taxonomy":"post_tag","embeddable":true,"href":"https:\/\/www.urkide.org\/eu\/wp-json\/wp\/v2\/tags?post=16072"}],"curies":[{"name":"wp","href":"https:\/\/api.w.org\/{rel}","templated":true}]}}