{"id":16100,"date":"2023-01-24T10:55:51","date_gmt":"2023-01-24T10:55:51","guid":{"rendered":"https:\/\/www.urkide.org\/cooperativas-de-andalucia-visitan-urkide\/"},"modified":"2023-01-24T10:55:51","modified_gmt":"2023-01-24T10:55:51","slug":"cooperativas-de-andalucia-visitan-urkide","status":"publish","type":"post","link":"https:\/\/www.urkide.org\/eu\/cooperativas-de-andalucia-visitan-urkide\/","title":{"rendered":"Cooperativas de Andaluc\u00eda visitan URKIDE"},"content":{"rendered":"<p>El pasado viernes, 15 de noviembre, nos visitaron 20 directivos de cooperativas de ense\u00f1anza de Andaluc\u00eda, visita organizada por ACES (agrupaci\u00f3n de cooperativas de ense\u00f1anza de Andaluc\u00eda) y CIUrkide.<\/p>\n<p>Formaba parte de un viaje de 3 d\u00edas al Pa\u00eds Vasco para conocer buenas pr\u00e1cticas de centros educativos que para ellos son un referente. Entre ellos visitaron el Colegio Vizcaya de Zamudio, Axular Lizeoa de Donostia y Laskorain Ikastola de Tolosa.<\/p>\n<p>Por nuestra parte, presentamos la dramagela, Urkide Estelar, una sesi\u00f3n pr\u00e1ctica del ciclo formativo, el plan de acci\u00f3n tutorial, CIUrkide\u2026. Todo ello, a trav\u00e9s de una puesta en escena circense y con la participaci\u00f3n de alumnado de todas las etapas.<\/p>\n<p>Todos\/as agradecieron la buena acogida que tuvieron y destacaron <strong>el buen ambiente y la pasi\u00f3n<\/strong> que pusimos en lo que hicimos.<\/p>\n<p>Muchas gracias a todos los que formamos parte de esta comunidad, y que la <strong>pasi\u00f3n<\/strong> siga siendo nuestro sello distintivo.<\/p>\n<p>&nbsp;<\/p>\n\n<div class=\"clearfix\"><\/div>","protected":false},"excerpt":{"rendered":"<p>El pasado viernes, 15 de noviembre, nos visitaron 20 directivos de cooperativas de ense\u00f1anza de Andaluc\u00eda, visita organizada por ACES (agrupaci\u00f3n de&#8230;<\/p>\n","protected":false},"author":1,"featured_media":0,"comment_status":"open","ping_status":"open","sticky":false,"template":"","format":"standard","meta":{"footnotes":""},"categories":[],"tags":[],"class_list":["post-16100","post","type-post","status-publish","format-standard","hentry"],"_links":{"self":[{"href":"https:\/\/www.urkide.org\/eu\/wp-json\/wp\/v2\/posts\/16100","targetHints":{"allow":["GET"]}}],"collection":[{"href":"https:\/\/www.urkide.org\/eu\/wp-json\/wp\/v2\/posts"}],"about":[{"href":"https:\/\/www.urkide.org\/eu\/wp-json\/wp\/v2\/types\/post"}],"author":[{"embeddable":true,"href":"https:\/\/www.urkide.org\/eu\/wp-json\/wp\/v2\/users\/1"}],"replies":[{"embeddable":true,"href":"https:\/\/www.urkide.org\/eu\/wp-json\/wp\/v2\/comments?post=16100"}],"version-history":[{"count":0,"href":"https:\/\/www.urkide.org\/eu\/wp-json\/wp\/v2\/posts\/16100\/revisions"}],"wp:attachment":[{"href":"https:\/\/www.urkide.org\/eu\/wp-json\/wp\/v2\/media?parent=16100"}],"wp:term":[{"taxonomy":"category","embeddable":true,"href":"https:\/\/www.urkide.org\/eu\/wp-json\/wp\/v2\/categories?post=16100"},{"taxonomy":"post_tag","embeddable":true,"href":"https:\/\/www.urkide.org\/eu\/wp-json\/wp\/v2\/tags?post=16100"}],"curies":[{"name":"wp","href":"https:\/\/api.w.org\/{rel}","templated":true}]}}