{"id":16143,"date":"2023-01-24T10:55:59","date_gmt":"2023-01-24T10:55:59","guid":{"rendered":"https:\/\/www.urkide.org\/ya-llegan-ya-llegan\/"},"modified":"2023-01-24T10:55:59","modified_gmt":"2023-01-24T10:55:59","slug":"ya-llegan-ya-llegan","status":"publish","type":"post","link":"https:\/\/www.urkide.org\/eu\/ya-llegan-ya-llegan\/","title":{"rendered":"\u00a1Ya llegan, Ya llegan!"},"content":{"rendered":"<p><span style=\"font-weight: 400;\">Un a\u00f1o m\u00e1s, Olentzero y Mari Domingi pronto estar\u00e1n entre nosotros. Recordad que vuestros txikis tienen la posibilidad de escribir una bonita carta\u00a0 y de echarla en el buz\u00f3n que hay en el pasillo de Educaci\u00f3n Infantil.<\/span><\/p>\n<p><span style=\"font-weight: 400;\">El festival de Navidad de este a\u00f1o tendr\u00e1 lugar el 23 de diciembre en el patio del colegio. Como todos los a\u00f1os, los ni\u00f1os y ni\u00f1as pueden venir vestidos de neskas, blusas o pastorcitos. Esta pareja estar\u00e1 con nosotros toda la ma\u00f1ana. Por la situaci\u00f3n que estamos viviendo, desafortunadamente, no va a ser posible la asistencia de las familias. A pesar de ello, os tendremos presentes y recibir\u00e9is un peque\u00f1o v\u00eddeo en el que os acercaremos ese momento tan bonito en el que vuestros peques cantan a Olentzero y Mari Domingi.<\/span><\/p>\n<p>&nbsp;<\/p>\n<p><span style=\"font-weight: 400;\">\u00a1CUIDAOS MUCHO Y DISFRUTAD!<\/span><\/p>\n<p><a href=\"http:\/\/www.urkide.org\/wp-content\/uploads\/2020\/12\/20201214-Olentzero.jpg\"><img loading=\"lazy\" decoding=\"async\" class=\"aligncenter size-full wp-image-5258\" src=\"http:\/\/www.urkide.org\/wp-content\/uploads\/2020\/12\/20201214-Olentzero.jpg\" alt=\"\" width=\"482\" height=\"273\" \/><\/a><\/p>\n<div class=\"clearfix\"><\/div>","protected":false},"excerpt":{"rendered":"<p>Un a\u00f1o m\u00e1s, Olentzero y Mari Domingi pronto estar\u00e1n entre nosotros. Recordad que vuestros txikis tienen la posibilidad de escribir una bonita&#8230;<\/p>\n","protected":false},"author":1,"featured_media":0,"comment_status":"open","ping_status":"open","sticky":false,"template":"","format":"standard","meta":{"footnotes":""},"categories":[],"tags":[],"class_list":["post-16143","post","type-post","status-publish","format-standard","hentry"],"_links":{"self":[{"href":"https:\/\/www.urkide.org\/eu\/wp-json\/wp\/v2\/posts\/16143","targetHints":{"allow":["GET"]}}],"collection":[{"href":"https:\/\/www.urkide.org\/eu\/wp-json\/wp\/v2\/posts"}],"about":[{"href":"https:\/\/www.urkide.org\/eu\/wp-json\/wp\/v2\/types\/post"}],"author":[{"embeddable":true,"href":"https:\/\/www.urkide.org\/eu\/wp-json\/wp\/v2\/users\/1"}],"replies":[{"embeddable":true,"href":"https:\/\/www.urkide.org\/eu\/wp-json\/wp\/v2\/comments?post=16143"}],"version-history":[{"count":0,"href":"https:\/\/www.urkide.org\/eu\/wp-json\/wp\/v2\/posts\/16143\/revisions"}],"wp:attachment":[{"href":"https:\/\/www.urkide.org\/eu\/wp-json\/wp\/v2\/media?parent=16143"}],"wp:term":[{"taxonomy":"category","embeddable":true,"href":"https:\/\/www.urkide.org\/eu\/wp-json\/wp\/v2\/categories?post=16143"},{"taxonomy":"post_tag","embeddable":true,"href":"https:\/\/www.urkide.org\/eu\/wp-json\/wp\/v2\/tags?post=16143"}],"curies":[{"name":"wp","href":"https:\/\/api.w.org\/{rel}","templated":true}]}}