{"id":16162,"date":"2023-01-24T10:56:03","date_gmt":"2023-01-24T10:56:03","guid":{"rendered":"https:\/\/www.urkide.org\/caminods-moradods\/"},"modified":"2023-01-24T10:56:03","modified_gmt":"2023-01-24T10:56:03","slug":"caminods-moradods","status":"publish","type":"post","link":"https:\/\/www.urkide.org\/eu\/caminods-moradods\/","title":{"rendered":"Camino(d)s Morado(d)s"},"content":{"rendered":"<p>Organizado por el equipo de rob\u00f3tica del colegio, Legokide, el domingo 23 de mayo se llev\u00f3 a cabo en el colegio el segundo reto de los 9 que componen el proyecto <strong>ENTRE T<\/strong><strong>OD<\/strong><strong>O<\/strong><strong>S<\/strong><strong> P<\/strong><strong>OD<\/strong><strong>EMO<\/strong><strong>S,<\/strong> que busca poner su granito de arena para mejorar la falta de movilidad en nuestra sociedad y para cumplir los 17 objetivos de desarrollo sostenible (ODS).<\/p>\n<p>Este reto se llam\u00f3 <strong>&#8220;Camino(d)s Morado(d)s&#8221; <\/strong>y consist\u00eda en hacer un recorrido por Vitoria-Gasteiz pasando por algunas de las calles con nombre de mujer de la ciudad. Durante dicho recorrido hab\u00eda que completar un \u201cpasaporte\u201d que conten\u00eda informaci\u00f3n sobre estas mujeres c\u00e9lebres.<\/p>\n<p>Unas 150 personas disfrutaron del recorrido, del hermoso d\u00eda y aprendieron algo m\u00e1s de las calles de la ciudad. Adem\u00e1s, se llevaron un bol\u00edgrafo morado para seguir escribiendo, entre todos\/as, <strong>&#8220;Camino(d)s Morado(d)s&#8221;<\/strong>.<\/p>\n\n<p>Seguiremos informando del resto de retos.<\/p>\n<p>&nbsp;<\/p>\n<p>Muchas gracias por ayudarnos y por ayudar al planeta<\/p>\n<p>&nbsp;<\/p>\n<p><strong>ENTRE T<\/strong><strong>OD<\/strong><strong>O<\/strong><strong>S<\/strong><strong> P<\/strong><strong>OD<\/strong><strong>EMO<\/strong><strong>S<\/strong>.<\/p>\n<div class=\"clearfix\"><\/div>","protected":false},"excerpt":{"rendered":"<p>Organizado por el equipo de rob\u00f3tica del colegio, Legokide, el domingo 23 de mayo se llev\u00f3 a cabo en el colegio el&#8230;<\/p>\n","protected":false},"author":1,"featured_media":0,"comment_status":"open","ping_status":"open","sticky":false,"template":"","format":"standard","meta":{"footnotes":""},"categories":[],"tags":[],"class_list":["post-16162","post","type-post","status-publish","format-standard","hentry"],"_links":{"self":[{"href":"https:\/\/www.urkide.org\/eu\/wp-json\/wp\/v2\/posts\/16162","targetHints":{"allow":["GET"]}}],"collection":[{"href":"https:\/\/www.urkide.org\/eu\/wp-json\/wp\/v2\/posts"}],"about":[{"href":"https:\/\/www.urkide.org\/eu\/wp-json\/wp\/v2\/types\/post"}],"author":[{"embeddable":true,"href":"https:\/\/www.urkide.org\/eu\/wp-json\/wp\/v2\/users\/1"}],"replies":[{"embeddable":true,"href":"https:\/\/www.urkide.org\/eu\/wp-json\/wp\/v2\/comments?post=16162"}],"version-history":[{"count":0,"href":"https:\/\/www.urkide.org\/eu\/wp-json\/wp\/v2\/posts\/16162\/revisions"}],"wp:attachment":[{"href":"https:\/\/www.urkide.org\/eu\/wp-json\/wp\/v2\/media?parent=16162"}],"wp:term":[{"taxonomy":"category","embeddable":true,"href":"https:\/\/www.urkide.org\/eu\/wp-json\/wp\/v2\/categories?post=16162"},{"taxonomy":"post_tag","embeddable":true,"href":"https:\/\/www.urkide.org\/eu\/wp-json\/wp\/v2\/tags?post=16162"}],"curies":[{"name":"wp","href":"https:\/\/api.w.org\/{rel}","templated":true}]}}