{"id":16183,"date":"2023-01-24T10:56:07","date_gmt":"2023-01-24T10:56:07","guid":{"rendered":"https:\/\/www.urkide.org\/dia-internacional-de-la-paz\/"},"modified":"2023-01-24T10:56:07","modified_gmt":"2023-01-24T10:56:07","slug":"dia-internacional-de-la-paz","status":"publish","type":"post","link":"https:\/\/www.urkide.org\/eu\/dia-internacional-de-la-paz\/","title":{"rendered":"D\u00eda Internacional de la Paz"},"content":{"rendered":"<p>Como todos los a\u00f1os, el d\u00eda 30 de enero se celebra en todo el mundo el d\u00eda internacional escolar de la paz. En el colegio, este a\u00f1o y por ser domingo ese d\u00eda, lo hemos celebrado el pasado viernes 28. <\/p>\n<p><a href=\"https:\/\/youtu.be\/96Bg5F4wvRs\">Aqu\u00ed pod\u00e9is ver el v\u00eddeo que preparamos con el manifiesto elaborado para este d\u00eda.<\/a><\/p>\n<div class=\"clearfix\"><\/div>","protected":false},"excerpt":{"rendered":"<p>Como todos los a\u00f1os, el d\u00eda 30 de enero se celebra en todo el mundo el d\u00eda internacional escolar de la paz&#8230;.<\/p>\n","protected":false},"author":1,"featured_media":0,"comment_status":"open","ping_status":"open","sticky":false,"template":"","format":"standard","meta":{"footnotes":""},"categories":[],"tags":[],"class_list":["post-16183","post","type-post","status-publish","format-standard","hentry"],"_links":{"self":[{"href":"https:\/\/www.urkide.org\/eu\/wp-json\/wp\/v2\/posts\/16183","targetHints":{"allow":["GET"]}}],"collection":[{"href":"https:\/\/www.urkide.org\/eu\/wp-json\/wp\/v2\/posts"}],"about":[{"href":"https:\/\/www.urkide.org\/eu\/wp-json\/wp\/v2\/types\/post"}],"author":[{"embeddable":true,"href":"https:\/\/www.urkide.org\/eu\/wp-json\/wp\/v2\/users\/1"}],"replies":[{"embeddable":true,"href":"https:\/\/www.urkide.org\/eu\/wp-json\/wp\/v2\/comments?post=16183"}],"version-history":[{"count":0,"href":"https:\/\/www.urkide.org\/eu\/wp-json\/wp\/v2\/posts\/16183\/revisions"}],"wp:attachment":[{"href":"https:\/\/www.urkide.org\/eu\/wp-json\/wp\/v2\/media?parent=16183"}],"wp:term":[{"taxonomy":"category","embeddable":true,"href":"https:\/\/www.urkide.org\/eu\/wp-json\/wp\/v2\/categories?post=16183"},{"taxonomy":"post_tag","embeddable":true,"href":"https:\/\/www.urkide.org\/eu\/wp-json\/wp\/v2\/tags?post=16183"}],"curies":[{"name":"wp","href":"https:\/\/api.w.org\/{rel}","templated":true}]}}