{"id":16198,"date":"2023-01-24T10:56:09","date_gmt":"2023-01-24T10:56:09","guid":{"rendered":"https:\/\/www.urkide.org\/komite-txikia-2014\/"},"modified":"2023-01-24T10:56:09","modified_gmt":"2023-01-24T10:56:09","slug":"komite-txikia-2014","status":"publish","type":"post","link":"https:\/\/www.urkide.org\/eu\/komite-txikia-2014\/","title":{"rendered":"Komite Txikia 2014"},"content":{"rendered":"<p><a href=\"http:\/\/www.urkide.org\/wp-content\/uploads\/2014\/06\/CAM00050.jpg\"><img loading=\"lazy\" decoding=\"async\" class=\"alignright size-medium wp-image-606\" style=\"border: 1px solid black; margin-left: 20px;\" alt=\"CAM00050\" src=\"http:\/\/www.urkide.org\/wp-content\/uploads\/2014\/06\/CAM00050-300x225.jpg\" width=\"300\" height=\"225\" \/><\/a>Kaixo!!! Hello!!! Hola!!!<\/p>\n<p>Queremos presentarnos. Somos alumnos del Colegio Urkide y formamos un grupo que trabaja a favor del medio ambiente.<\/p>\n<p>Somos el Komite Txikia Agenda 21 Urkide. Durante este curso hemos recogido informaci\u00f3n por los clases de los alumnos y alumnas del Colegio.<\/p>\n<p>Queremos compartir con vosotros los datos obtenidos.<\/p>\n<h6>Nos comprometemos a:<\/h6>\n<ol>\n<li>Reciclar de forma adecuada en el contenedor apropiado. Recoger los papeles del suelo sobre todo despu\u00e9s de una fiesta de cumplea\u00f1os.<\/li>\n<li>Reutilizar todo aquello que todav\u00eda puede tener un buen uso. Ropa, papel, libros\u2026<\/li>\n<li>No arrojar basura, pl\u00e1sico o cosas semejantes al mar, al r\u00edo, ni a los lagos y pantanos y lo mismo en los bosques.<\/li>\n<\/ol>\n<h6>Proponemos :<\/h6>\n<ol>\n<li>Poner m\u00e1s contenedores de pl\u00e1stico en el patio y uno de ellos en la parte de atr\u00e1s.<\/li>\n<li>Poner un contenedor de materia org\u00e1nica en el patio.<\/li>\n<li>Poner pegatinas en las papeleras para diferenciarlas.<\/li>\n<\/ol>\n<p>Firmado: Komite txikia Agenda 21 Urkide<\/p>\n<div class=\"clearfix\"><\/div>","protected":false},"excerpt":{"rendered":"<p>Kaixo!!! Hello!!! Hola!!! Queremos presentarnos. Somos alumnos del Colegio Urkide y formamos un grupo que trabaja a favor del medio ambiente. Somos&#8230;<\/p>\n","protected":false},"author":1,"featured_media":0,"comment_status":"open","ping_status":"open","sticky":false,"template":"","format":"standard","meta":{"footnotes":""},"categories":[],"tags":[],"class_list":["post-16198","post","type-post","status-publish","format-standard","hentry"],"_links":{"self":[{"href":"https:\/\/www.urkide.org\/eu\/wp-json\/wp\/v2\/posts\/16198","targetHints":{"allow":["GET"]}}],"collection":[{"href":"https:\/\/www.urkide.org\/eu\/wp-json\/wp\/v2\/posts"}],"about":[{"href":"https:\/\/www.urkide.org\/eu\/wp-json\/wp\/v2\/types\/post"}],"author":[{"embeddable":true,"href":"https:\/\/www.urkide.org\/eu\/wp-json\/wp\/v2\/users\/1"}],"replies":[{"embeddable":true,"href":"https:\/\/www.urkide.org\/eu\/wp-json\/wp\/v2\/comments?post=16198"}],"version-history":[{"count":0,"href":"https:\/\/www.urkide.org\/eu\/wp-json\/wp\/v2\/posts\/16198\/revisions"}],"wp:attachment":[{"href":"https:\/\/www.urkide.org\/eu\/wp-json\/wp\/v2\/media?parent=16198"}],"wp:term":[{"taxonomy":"category","embeddable":true,"href":"https:\/\/www.urkide.org\/eu\/wp-json\/wp\/v2\/categories?post=16198"},{"taxonomy":"post_tag","embeddable":true,"href":"https:\/\/www.urkide.org\/eu\/wp-json\/wp\/v2\/tags?post=16198"}],"curies":[{"name":"wp","href":"https:\/\/api.w.org\/{rel}","templated":true}]}}