{"id":16199,"date":"2023-01-24T10:56:10","date_gmt":"2023-01-24T10:56:10","guid":{"rendered":"https:\/\/www.urkide.org\/escuela-de-musica-viena\/"},"modified":"2023-01-24T10:56:10","modified_gmt":"2023-01-24T10:56:10","slug":"escuela-de-musica-viena","status":"publish","type":"post","link":"https:\/\/www.urkide.org\/eu\/escuela-de-musica-viena\/","title":{"rendered":"Escuela de m\u00fasica Viena"},"content":{"rendered":"<p>Ya est\u00e1 abierta la matr\u00edcula para la Escuela de M\u00fasica Viena.<\/p>\n<p>Para m\u00e1s informaci\u00f3n hacer clic en el archivo adjunto.<\/p>\n<p><a href=\"http:\/\/www.urkide.org\/wp-content\/uploads\/2014\/06\/20140529-musica-viena.pdf\">Descargar archivo<\/a><\/p>\n<div class=\"clearfix\"><\/div>","protected":false},"excerpt":{"rendered":"<p>Ya est\u00e1 abierta la matr\u00edcula para la Escuela de M\u00fasica Viena. Para m\u00e1s informaci\u00f3n hacer clic en el archivo adjunto. Descargar archivo<\/p>\n","protected":false},"author":1,"featured_media":0,"comment_status":"open","ping_status":"open","sticky":false,"template":"","format":"standard","meta":{"footnotes":""},"categories":[],"tags":[],"class_list":["post-16199","post","type-post","status-publish","format-standard","hentry"],"_links":{"self":[{"href":"https:\/\/www.urkide.org\/eu\/wp-json\/wp\/v2\/posts\/16199","targetHints":{"allow":["GET"]}}],"collection":[{"href":"https:\/\/www.urkide.org\/eu\/wp-json\/wp\/v2\/posts"}],"about":[{"href":"https:\/\/www.urkide.org\/eu\/wp-json\/wp\/v2\/types\/post"}],"author":[{"embeddable":true,"href":"https:\/\/www.urkide.org\/eu\/wp-json\/wp\/v2\/users\/1"}],"replies":[{"embeddable":true,"href":"https:\/\/www.urkide.org\/eu\/wp-json\/wp\/v2\/comments?post=16199"}],"version-history":[{"count":0,"href":"https:\/\/www.urkide.org\/eu\/wp-json\/wp\/v2\/posts\/16199\/revisions"}],"wp:attachment":[{"href":"https:\/\/www.urkide.org\/eu\/wp-json\/wp\/v2\/media?parent=16199"}],"wp:term":[{"taxonomy":"category","embeddable":true,"href":"https:\/\/www.urkide.org\/eu\/wp-json\/wp\/v2\/categories?post=16199"},{"taxonomy":"post_tag","embeddable":true,"href":"https:\/\/www.urkide.org\/eu\/wp-json\/wp\/v2\/tags?post=16199"}],"curies":[{"name":"wp","href":"https:\/\/api.w.org\/{rel}","templated":true}]}}