{"id":16210,"date":"2023-01-24T10:56:12","date_gmt":"2023-01-24T10:56:12","guid":{"rendered":"https:\/\/www.urkide.org\/pacto-verde\/"},"modified":"2023-01-24T10:56:12","modified_gmt":"2023-01-24T10:56:12","slug":"pacto-verde","status":"publish","type":"post","link":"https:\/\/www.urkide.org\/eu\/pacto-verde\/","title":{"rendered":"Pacto verde"},"content":{"rendered":"<p>El pasado 27 de noviembre el Colegio Urkide Ikastetxea recibi\u00f3 un diploma de mano de la organizaci\u00f3n PACTO VERDE del Ayuntamiento de Vitoria-Gasteiz por su Buena Pr\u00e1ctica para reducir el impacto ambiental de su actividad:<\/p>\n<p>\u201cUso de productos de limpieza ecol\u00f3gica y con ecoetiqueta\u201d<\/p>\n<p>Joan zen azaroaren 27an Colegio Urkide Ikastetxeak diploma jaso zuen Gasteizko Udalaren ITUN BERDEren erakundearen eskutik bere jarduerari dagokion ingurumen \u2013inpaktua murrizteko ezarri duen Jarduera Egoki hau dela eta:<\/p>\n<p>\u201cGarbitzeko produktu ekologikoak eta eko etiketadunak erabiltzea\u201d<\/p>\n<p><a href=\"http:\/\/www.urkide.org\/wp-content\/uploads\/2014\/12\/Diploma-Pacto-Verde.jpg\"><img loading=\"lazy\" decoding=\"async\" class=\"aligncenter wp-image-1103 size-medium\" src=\"http:\/\/www.urkide.org\/wp-content\/uploads\/2014\/12\/Diploma-Pacto-Verde-300x218.jpg\" alt=\"Diploma Pacto Verde\" width=\"300\" height=\"218\" \/><\/a><\/p>\n<div class=\"clearfix\"><\/div>","protected":false},"excerpt":{"rendered":"<p>El pasado 27 de noviembre el Colegio Urkide Ikastetxea recibi\u00f3 un diploma de mano de la organizaci\u00f3n PACTO VERDE del Ayuntamiento de&#8230;<\/p>\n","protected":false},"author":1,"featured_media":0,"comment_status":"open","ping_status":"open","sticky":false,"template":"","format":"standard","meta":{"footnotes":""},"categories":[],"tags":[],"class_list":["post-16210","post","type-post","status-publish","format-standard","hentry"],"_links":{"self":[{"href":"https:\/\/www.urkide.org\/eu\/wp-json\/wp\/v2\/posts\/16210","targetHints":{"allow":["GET"]}}],"collection":[{"href":"https:\/\/www.urkide.org\/eu\/wp-json\/wp\/v2\/posts"}],"about":[{"href":"https:\/\/www.urkide.org\/eu\/wp-json\/wp\/v2\/types\/post"}],"author":[{"embeddable":true,"href":"https:\/\/www.urkide.org\/eu\/wp-json\/wp\/v2\/users\/1"}],"replies":[{"embeddable":true,"href":"https:\/\/www.urkide.org\/eu\/wp-json\/wp\/v2\/comments?post=16210"}],"version-history":[{"count":0,"href":"https:\/\/www.urkide.org\/eu\/wp-json\/wp\/v2\/posts\/16210\/revisions"}],"wp:attachment":[{"href":"https:\/\/www.urkide.org\/eu\/wp-json\/wp\/v2\/media?parent=16210"}],"wp:term":[{"taxonomy":"category","embeddable":true,"href":"https:\/\/www.urkide.org\/eu\/wp-json\/wp\/v2\/categories?post=16210"},{"taxonomy":"post_tag","embeddable":true,"href":"https:\/\/www.urkide.org\/eu\/wp-json\/wp\/v2\/tags?post=16210"}],"curies":[{"name":"wp","href":"https:\/\/api.w.org\/{rel}","templated":true}]}}