{"id":16219,"date":"2023-01-24T10:56:14","date_gmt":"2023-01-24T10:56:14","guid":{"rendered":"https:\/\/www.urkide.org\/torneo-de-baloncesto-de-navidad-en-lardero\/"},"modified":"2023-01-24T10:56:14","modified_gmt":"2023-01-24T10:56:14","slug":"torneo-de-baloncesto-de-navidad-en-lardero","status":"publish","type":"post","link":"https:\/\/www.urkide.org\/eu\/torneo-de-baloncesto-de-navidad-en-lardero\/","title":{"rendered":"TORNEO DE BALONCESTO DE NAVIDAD EN LARDERO"},"content":{"rendered":"<p>Kaixo, hola:<\/p>\n<p>Somos Iker y Be\u00f1at y jugamos en el equipo de baloncesto alev\u00edn del colegio. En navidades nos invitaron a jugar un torneo de baloncesto en Lardero, cerca de Logro\u00f1o y nos hizo mucha ilusi\u00f3n poder ir a jugar fuera de Vitoria.<\/p>\n<p>Lau partidu jokatu genuen, oso dibertigarriak izan zirenak, Logro\u00f1oko talde batzuen kontra.<\/p>\n<p>Ganamos los cuatro partidos de la liguilla y nos clasificamos para jugar la final del torneo, adem\u00e1s contra el equipo anfitri\u00f3n del torneo y eso hizo que hubiera mucha gente vi\u00e9ndonos.<\/p>\n<p><a href=\"http:\/\/www.urkide.org\/wp-content\/uploads\/2015\/01\/foto-urkide-lardero.jpg\"><img loading=\"lazy\" decoding=\"async\" class=\"aligncenter wp-image-1184 size-medium\" src=\"http:\/\/www.urkide.org\/wp-content\/uploads\/2015\/01\/foto-urkide-lardero-300x225.jpg\" alt=\"foto-urkide-lardero\" width=\"300\" height=\"225\" \/><\/a><\/p>\n<p>&nbsp;<\/p>\n<p>Antes de empezar la final nos hicieron muchas fotos y eso hizo que estuvi\u00e9ramos m\u00e1s nerviosos todav\u00eda, pero una vez que empez\u00f3 el partido s\u00f3lo ten\u00edamos que jugar y divertirnos. El resultado era lo de menos, porque nos lo hab\u00edamos pasado muy bien los dos d\u00edas all\u00ed.<\/p>\n<p>Txapelketa irabazi genuen eta oso kopa handia eman ziguten.<\/p>\n<p>Conocimos a muchos ni\u00f1os y nos gustar\u00eda que en Urkide tambi\u00e9n pudi\u00e9ramos hacer alg\u00fan torneo para que vengan chicos\/as de otras ciudades.<\/p>\n<p>Somos un gran equipo.<\/p>\n<p>Talde aparta gara.<\/p>\n<div class=\"clearfix\"><\/div>","protected":false},"excerpt":{"rendered":"<p>Kaixo, hola: Somos Iker y Be\u00f1at y jugamos en el equipo de baloncesto alev\u00edn del colegio. En navidades nos invitaron a jugar&#8230;<\/p>\n","protected":false},"author":1,"featured_media":0,"comment_status":"open","ping_status":"open","sticky":false,"template":"","format":"standard","meta":{"footnotes":""},"categories":[],"tags":[],"class_list":["post-16219","post","type-post","status-publish","format-standard","hentry"],"_links":{"self":[{"href":"https:\/\/www.urkide.org\/eu\/wp-json\/wp\/v2\/posts\/16219","targetHints":{"allow":["GET"]}}],"collection":[{"href":"https:\/\/www.urkide.org\/eu\/wp-json\/wp\/v2\/posts"}],"about":[{"href":"https:\/\/www.urkide.org\/eu\/wp-json\/wp\/v2\/types\/post"}],"author":[{"embeddable":true,"href":"https:\/\/www.urkide.org\/eu\/wp-json\/wp\/v2\/users\/1"}],"replies":[{"embeddable":true,"href":"https:\/\/www.urkide.org\/eu\/wp-json\/wp\/v2\/comments?post=16219"}],"version-history":[{"count":0,"href":"https:\/\/www.urkide.org\/eu\/wp-json\/wp\/v2\/posts\/16219\/revisions"}],"wp:attachment":[{"href":"https:\/\/www.urkide.org\/eu\/wp-json\/wp\/v2\/media?parent=16219"}],"wp:term":[{"taxonomy":"category","embeddable":true,"href":"https:\/\/www.urkide.org\/eu\/wp-json\/wp\/v2\/categories?post=16219"},{"taxonomy":"post_tag","embeddable":true,"href":"https:\/\/www.urkide.org\/eu\/wp-json\/wp\/v2\/tags?post=16219"}],"curies":[{"name":"wp","href":"https:\/\/api.w.org\/{rel}","templated":true}]}}