{"id":16248,"date":"2023-01-24T10:56:18","date_gmt":"2023-01-24T10:56:18","guid":{"rendered":"https:\/\/www.urkide.org\/ninos-y-ninas-de-1-de-primaria\/"},"modified":"2023-01-24T10:56:18","modified_gmt":"2023-01-24T10:56:18","slug":"ninos-y-ninas-de-1-de-primaria","status":"publish","type":"post","link":"https:\/\/www.urkide.org\/eu\/ninos-y-ninas-de-1-de-primaria\/","title":{"rendered":"NI\u00d1OS Y NI\u00d1AS DE 1\u00b0 DE PRIMARIA"},"content":{"rendered":"<div dir=\"ltr\">\n<p dir=\"ltr\"><span style=\"font-size: 14px; text-decoration: none; font-family: Arial; font-variant: normal; vertical-align: baseline; font-weight: 400; color: #000000; font-style: normal; background-color: transparent;\">Los alumnos de primero de primaria, en la asignatura de Gizarte, hemos creado nuestra propia calle. Hemos votado para elegir su nombre, de la plaza y la hemos decorado como una calle de verdad. Aqu\u00ed ten\u00e9is un v\u00eddeo con el trabajo tan chulo que hemos hecho. GORA GURE KALEA!!!<\/span><\/p>\n<p><a href=\"http:\/\/youtu.be\/wCljlcv2nZA\">http:\/\/youtu.be\/wCljlcv2nZA<\/a><\/p>\n<\/div>\n<div class=\"clearfix\"><\/div>","protected":false},"excerpt":{"rendered":"<p>Los alumnos de primero de primaria, en la asignatura de Gizarte, hemos creado nuestra propia calle. Hemos votado para elegir su nombre,&#8230;<\/p>\n","protected":false},"author":1,"featured_media":0,"comment_status":"open","ping_status":"open","sticky":false,"template":"","format":"standard","meta":{"footnotes":""},"categories":[],"tags":[],"class_list":["post-16248","post","type-post","status-publish","format-standard","hentry"],"_links":{"self":[{"href":"https:\/\/www.urkide.org\/eu\/wp-json\/wp\/v2\/posts\/16248","targetHints":{"allow":["GET"]}}],"collection":[{"href":"https:\/\/www.urkide.org\/eu\/wp-json\/wp\/v2\/posts"}],"about":[{"href":"https:\/\/www.urkide.org\/eu\/wp-json\/wp\/v2\/types\/post"}],"author":[{"embeddable":true,"href":"https:\/\/www.urkide.org\/eu\/wp-json\/wp\/v2\/users\/1"}],"replies":[{"embeddable":true,"href":"https:\/\/www.urkide.org\/eu\/wp-json\/wp\/v2\/comments?post=16248"}],"version-history":[{"count":0,"href":"https:\/\/www.urkide.org\/eu\/wp-json\/wp\/v2\/posts\/16248\/revisions"}],"wp:attachment":[{"href":"https:\/\/www.urkide.org\/eu\/wp-json\/wp\/v2\/media?parent=16248"}],"wp:term":[{"taxonomy":"category","embeddable":true,"href":"https:\/\/www.urkide.org\/eu\/wp-json\/wp\/v2\/categories?post=16248"},{"taxonomy":"post_tag","embeddable":true,"href":"https:\/\/www.urkide.org\/eu\/wp-json\/wp\/v2\/tags?post=16248"}],"curies":[{"name":"wp","href":"https:\/\/api.w.org\/{rel}","templated":true}]}}