{"id":16256,"date":"2023-01-24T10:56:20","date_gmt":"2023-01-24T10:56:20","guid":{"rendered":"https:\/\/www.urkide.org\/foro-de-agenda-21-escolar\/"},"modified":"2023-01-24T10:56:20","modified_gmt":"2023-01-24T10:56:20","slug":"foro-de-agenda-21-escolar","status":"publish","type":"post","link":"https:\/\/www.urkide.org\/eu\/foro-de-agenda-21-escolar\/","title":{"rendered":"Foro de Agenda 21 Escolar"},"content":{"rendered":"<div dir=\"ltr\">\n<div>El martes 19 de abril las alumnas Luc\u00eda Torres y Nahia Sacrist\u00e1n asistieron al Foro Escolar sobre Movilidad Activa y Aut\u00f3noma. Junto con otros alumnos de otros centros compartieron el trabajo realizado durante estos meses. Fue una gran experiencia.<\/div>\n<div><\/div>\n<div><a href=\"http:\/\/www.urkide.org\/wp-content\/uploads\/2016\/04\/20160420-foro-agenda21-foto02.jpg\"><img loading=\"lazy\" decoding=\"async\" class=\"size-medium wp-image-2096 aligncenter\" src=\"http:\/\/www.urkide.org\/wp-content\/uploads\/2016\/04\/20160420-foro-agenda21-foto02-300x180.jpg\" alt=\"20160420-foro-agenda21-foto02\" width=\"300\" height=\"180\" \/><\/a><\/div>\n<div>\u00a0<a href=\"http:\/\/www.urkide.org\/wp-content\/uploads\/2016\/04\/20160420-foro-agenda21-foto011.jpg\"><img loading=\"lazy\" decoding=\"async\" class=\"size-medium wp-image-2097 aligncenter\" src=\"http:\/\/www.urkide.org\/wp-content\/uploads\/2016\/04\/20160420-foro-agenda21-foto011-300x180.jpg\" alt=\"20160420-foro-agenda21-foto01\" width=\"300\" height=\"180\" \/><\/a><\/div>\n<\/div>\n<div class=\"clearfix\"><\/div>","protected":false},"excerpt":{"rendered":"<p>El martes 19 de abril las alumnas Luc\u00eda Torres y Nahia Sacrist\u00e1n asistieron al Foro Escolar sobre Movilidad Activa y Aut\u00f3noma. Junto&#8230;<\/p>\n","protected":false},"author":1,"featured_media":0,"comment_status":"open","ping_status":"open","sticky":false,"template":"","format":"standard","meta":{"footnotes":""},"categories":[],"tags":[],"class_list":["post-16256","post","type-post","status-publish","format-standard","hentry"],"_links":{"self":[{"href":"https:\/\/www.urkide.org\/eu\/wp-json\/wp\/v2\/posts\/16256","targetHints":{"allow":["GET"]}}],"collection":[{"href":"https:\/\/www.urkide.org\/eu\/wp-json\/wp\/v2\/posts"}],"about":[{"href":"https:\/\/www.urkide.org\/eu\/wp-json\/wp\/v2\/types\/post"}],"author":[{"embeddable":true,"href":"https:\/\/www.urkide.org\/eu\/wp-json\/wp\/v2\/users\/1"}],"replies":[{"embeddable":true,"href":"https:\/\/www.urkide.org\/eu\/wp-json\/wp\/v2\/comments?post=16256"}],"version-history":[{"count":0,"href":"https:\/\/www.urkide.org\/eu\/wp-json\/wp\/v2\/posts\/16256\/revisions"}],"wp:attachment":[{"href":"https:\/\/www.urkide.org\/eu\/wp-json\/wp\/v2\/media?parent=16256"}],"wp:term":[{"taxonomy":"category","embeddable":true,"href":"https:\/\/www.urkide.org\/eu\/wp-json\/wp\/v2\/categories?post=16256"},{"taxonomy":"post_tag","embeddable":true,"href":"https:\/\/www.urkide.org\/eu\/wp-json\/wp\/v2\/tags?post=16256"}],"curies":[{"name":"wp","href":"https:\/\/api.w.org\/{rel}","templated":true}]}}