{"id":16320,"date":"2023-01-24T10:56:34","date_gmt":"2023-01-24T10:56:34","guid":{"rendered":"https:\/\/www.urkide.org\/la-semana-del-libro\/"},"modified":"2023-01-24T10:56:34","modified_gmt":"2023-01-24T10:56:34","slug":"la-semana-del-libro","status":"publish","type":"post","link":"https:\/\/www.urkide.org\/eu\/la-semana-del-libro\/","title":{"rendered":"La semana del libro"},"content":{"rendered":"<p>Cuentan que la vida es un libro en el que se desconoce lo que se hallar\u00e1 tras pasar p\u00e1gina.<\/p>\n<p>Dicen que si nos unimos, lo que lograremos ser\u00e1 tan grandioso como el arco\u00edris que componen los distintos colores.<\/p>\n<p>Relatan que un pez, un rat\u00f3n y un oso se percataron de que toda gran acci\u00f3n tiene su gran recompensa.<\/p>\n<p>Narran que con decisi\u00f3n y arrojo, los problemas de hipop\u00f3tamos y dragones se esfuman.<\/p>\n<p>Que todos tenemos un cuento favorito y que unicornios, cometas y tardes de oto\u00f1o llenan de ilusi\u00f3n y libertad nuestras vidas.<\/p>\n<p>Do\u00f1a Literatura, Se\u00f1orita Poes\u00eda, Se\u00f1ora Novela, Se\u00f1or Cuento, Don Teatro y todos nosotros celebramos el 23 de abril El D\u00eda Internacional del Libro.<\/p>\n<p>Con la intenci\u00f3n de festejar esta fecha tan especial, todos estos relatos han sido creados con ilusi\u00f3n y pasi\u00f3n. Desde Educaci\u00f3n Infantil hemos querido ofrecer papel, pluma y voz a profesoras y profesores, a madres y padres, a ni\u00f1os y ni\u00f1as para que den rienda suelta a ese escritor que todos llevamos dentro. 11 peque\u00f1as historias y poemas. 11 peque\u00f1os tesoros que hemos recogido y guardado cual bot\u00edn pirata en 5 v\u00eddeos que esperamos que disfrut\u00e9is.<\/p>\n<p>\u201cHay m\u00e1s tesoros en los libros que en todo el bot\u00edn pirata de la Isla del Tesoro\u201d<\/p>\n<p>-Walt Disney.<\/p>\n<p>&nbsp;<\/p>\n<div class=\"embed-responsive embed-responsive-16by9 mb-25\"><iframe loading=\"lazy\" title=\"Semana del libro - D\u00eda 1\" width=\"1170\" height=\"658\" src=\"https:\/\/www.youtube.com\/embed\/wpTUE5kYoYk?feature=oembed\" frameborder=\"0\" allow=\"accelerometer; autoplay; clipboard-write; encrypted-media; gyroscope; picture-in-picture; web-share\" allowfullscreen><\/iframe><\/div>\n<div class=\"embed-responsive embed-responsive-16by9 mb-25\"><iframe loading=\"lazy\" title=\"Semana del libro - D\u00eda 2\" width=\"1170\" height=\"658\" src=\"https:\/\/www.youtube.com\/embed\/0il9Uo5anMs?feature=oembed\" frameborder=\"0\" allow=\"accelerometer; autoplay; clipboard-write; encrypted-media; gyroscope; picture-in-picture; web-share\" allowfullscreen><\/iframe><\/div>\n<div class=\"embed-responsive embed-responsive-16by9 mb-25\"><iframe loading=\"lazy\" title=\"Semana del libro - D\u00eda 3\" width=\"1170\" height=\"658\" src=\"https:\/\/www.youtube.com\/embed\/il5vzzoVPxI?feature=oembed\" frameborder=\"0\" allow=\"accelerometer; autoplay; clipboard-write; encrypted-media; gyroscope; picture-in-picture; web-share\" allowfullscreen><\/iframe><\/div>\n<p>&nbsp;<\/p>\n<div class=\"embed-responsive embed-responsive-16by9 mb-25\"><iframe loading=\"lazy\" title=\"Semana del libro - D\u00eda 4\" width=\"1170\" height=\"658\" src=\"https:\/\/www.youtube.com\/embed\/_moXZAZcNqk?feature=oembed\" frameborder=\"0\" allow=\"accelerometer; autoplay; clipboard-write; encrypted-media; gyroscope; picture-in-picture; web-share\" allowfullscreen><\/iframe><\/div>\n<div class=\"embed-responsive embed-responsive-16by9 mb-25\"><iframe loading=\"lazy\" title=\"Semana del libro - D\u00eda 5\" width=\"1170\" height=\"658\" src=\"https:\/\/www.youtube.com\/embed\/9v6ibMYqoV0?feature=oembed\" frameborder=\"0\" allow=\"accelerometer; autoplay; clipboard-write; encrypted-media; gyroscope; picture-in-picture; web-share\" allowfullscreen><\/iframe><\/div>\n<p>&nbsp;<\/p>\n<p>&nbsp;<\/p>\n<div class=\"clearfix\"><\/div>","protected":false},"excerpt":{"rendered":"<p>Cuentan que la vida es un libro en el que se desconoce lo que se hallar\u00e1 tras pasar p\u00e1gina. Dicen que si&#8230;<\/p>\n","protected":false},"author":1,"featured_media":0,"comment_status":"open","ping_status":"open","sticky":false,"template":"","format":"standard","meta":{"footnotes":""},"categories":[],"tags":[],"class_list":["post-16320","post","type-post","status-publish","format-standard","hentry"],"_links":{"self":[{"href":"https:\/\/www.urkide.org\/eu\/wp-json\/wp\/v2\/posts\/16320","targetHints":{"allow":["GET"]}}],"collection":[{"href":"https:\/\/www.urkide.org\/eu\/wp-json\/wp\/v2\/posts"}],"about":[{"href":"https:\/\/www.urkide.org\/eu\/wp-json\/wp\/v2\/types\/post"}],"author":[{"embeddable":true,"href":"https:\/\/www.urkide.org\/eu\/wp-json\/wp\/v2\/users\/1"}],"replies":[{"embeddable":true,"href":"https:\/\/www.urkide.org\/eu\/wp-json\/wp\/v2\/comments?post=16320"}],"version-history":[{"count":0,"href":"https:\/\/www.urkide.org\/eu\/wp-json\/wp\/v2\/posts\/16320\/revisions"}],"wp:attachment":[{"href":"https:\/\/www.urkide.org\/eu\/wp-json\/wp\/v2\/media?parent=16320"}],"wp:term":[{"taxonomy":"category","embeddable":true,"href":"https:\/\/www.urkide.org\/eu\/wp-json\/wp\/v2\/categories?post=16320"},{"taxonomy":"post_tag","embeddable":true,"href":"https:\/\/www.urkide.org\/eu\/wp-json\/wp\/v2\/tags?post=16320"}],"curies":[{"name":"wp","href":"https:\/\/api.w.org\/{rel}","templated":true}]}}