{"id":16324,"date":"2023-01-24T10:56:34","date_gmt":"2023-01-24T10:56:34","guid":{"rendered":"https:\/\/www.urkide.org\/proyecto-en-educacion-infantil-el-circo\/"},"modified":"2023-01-24T10:56:34","modified_gmt":"2023-01-24T10:56:34","slug":"proyecto-en-educacion-infantil-el-circo","status":"publish","type":"post","link":"https:\/\/www.urkide.org\/eu\/proyecto-en-educacion-infantil-el-circo\/","title":{"rendered":"Proyecto en educaci\u00f3n infantil: &#8220;El Circo&#8221;"},"content":{"rendered":"<\/p>\n<p style=\"font-weight: 400;\"><strong>&#8220;Hab\u00eda una vez un circo que alegraba siempre el coraz\u00f3n<\/strong>\u2026 que se acerc\u00f3 a Urkide.\u00a0<\/p>\n<p style=\"font-weight: 400;\">Hoy, los ni\u00f1os y las ni\u00f1as de Educaci\u00f3n Infantil de la clase de 3\u00baC, han recibido una visita\u00a0<strong>llena de color<\/strong>. I\u00f1igo, el padre de una de las alumnas, ha mostrado\u00a0<strong>un mundo de ilusi\u00f3n<\/strong>\u00a0a la clase con sus malabares imposibles y con su alocado di\u00e1bolo azul.<\/p>\n<p style=\"font-weight: 400;\"><strong>Pleno de alegr\u00eda y de emoci\u00f3n<\/strong>, el p\u00fablico ha aplaudido a rabiar.<\/p>\n<p style=\"font-weight: 400;\">Tras el espect\u00e1culo\u00a0<strong>magistral,<\/strong>\u00a0tras el n\u00famero\u00a0<strong>sensacional,\u00a0<\/strong>despu\u00e9s de<strong>\u00a0pasar a ver el circo,\u00a0<\/strong>nos hemos sentido<strong> felices al conseguir, a un ni\u00f1o hacer re\u00edr.&#8221;<\/strong><\/p>\n<p><img loading=\"lazy\" decoding=\"async\" class=\"alignnone size-full wp-image-7870\" src=\"http:\/\/www.urkide.org\/wp-content\/uploads\/2022\/03\/Imagen-taller-circo-2.jpg\" alt=\"\" width=\"300\" height=\"225\" \/><\/p>\n<p><img loading=\"lazy\" decoding=\"async\" class=\"alignnone size-full wp-image-7869\" src=\"http:\/\/www.urkide.org\/wp-content\/uploads\/2022\/03\/Imagen-taller-circo-1.jpg\" alt=\"\" width=\"300\" height=\"225\" \/><\/p>\n<p><img loading=\"lazy\" decoding=\"async\" class=\"alignnone size-full wp-image-7868\" src=\"http:\/\/www.urkide.org\/wp-content\/uploads\/2022\/03\/Imagen-taller-circo-3.jpg\" alt=\"\" width=\"300\" height=\"225\" \/><\/p>\n<div class=\"clearfix\"><\/div>","protected":false},"excerpt":{"rendered":"<p>&#8220;Hab\u00eda una vez un circo que alegraba siempre el coraz\u00f3n\u2026 que se acerc\u00f3 a Urkide.\u00a0 Hoy, los ni\u00f1os y las ni\u00f1as de&#8230;<\/p>\n","protected":false},"author":1,"featured_media":0,"comment_status":"open","ping_status":"open","sticky":false,"template":"","format":"standard","meta":{"footnotes":""},"categories":[],"tags":[],"class_list":["post-16324","post","type-post","status-publish","format-standard","hentry"],"_links":{"self":[{"href":"https:\/\/www.urkide.org\/eu\/wp-json\/wp\/v2\/posts\/16324","targetHints":{"allow":["GET"]}}],"collection":[{"href":"https:\/\/www.urkide.org\/eu\/wp-json\/wp\/v2\/posts"}],"about":[{"href":"https:\/\/www.urkide.org\/eu\/wp-json\/wp\/v2\/types\/post"}],"author":[{"embeddable":true,"href":"https:\/\/www.urkide.org\/eu\/wp-json\/wp\/v2\/users\/1"}],"replies":[{"embeddable":true,"href":"https:\/\/www.urkide.org\/eu\/wp-json\/wp\/v2\/comments?post=16324"}],"version-history":[{"count":0,"href":"https:\/\/www.urkide.org\/eu\/wp-json\/wp\/v2\/posts\/16324\/revisions"}],"wp:attachment":[{"href":"https:\/\/www.urkide.org\/eu\/wp-json\/wp\/v2\/media?parent=16324"}],"wp:term":[{"taxonomy":"category","embeddable":true,"href":"https:\/\/www.urkide.org\/eu\/wp-json\/wp\/v2\/categories?post=16324"},{"taxonomy":"post_tag","embeddable":true,"href":"https:\/\/www.urkide.org\/eu\/wp-json\/wp\/v2\/tags?post=16324"}],"curies":[{"name":"wp","href":"https:\/\/api.w.org\/{rel}","templated":true}]}}