{"id":16397,"date":"2023-01-24T11:09:11","date_gmt":"2023-01-24T11:09:11","guid":{"rendered":"https:\/\/www.urkide.org\/eu\/100-mejores-colegios\/"},"modified":"2023-01-24T11:09:12","modified_gmt":"2023-01-24T11:09:12","slug":"100-mejores-colegios","status":"publish","type":"post","link":"https:\/\/www.urkide.org\/eu\/100-mejores-colegios\/","title":{"rendered":"100 mejores colegios"},"content":{"rendered":"<p align=\"justify\">Un a\u00f1o m\u00e1s, ayer 2 de marzo, el peri\u00f3dico \u201cEl Mundo\u201d public\u00f3 la lista de los 100 mejores colegios concertados y privados de Espa\u00f1a. En dicha lista aparecemos en el lugar 26 con 89 puntos sobre 100. Este a\u00f1o hemos obtenido dos puntos menos y hemos bajado 10 puestos. Como cada a\u00f1o analizaremos estos resultados teniendo en cuenta que se realizan desde un medio de comunicaci\u00f3n, que se basan en el env\u00edo de un dossier y que participan los centros que quieren (cada a\u00f1o m\u00e1s). Seguimos siendo el primer centro de \u00c1lava y el cuarto de Euskadi.<\/p>\n<p align=\"justify\">En la rese\u00f1a que se hace de cada centro resaltan nuestra apuesta por desarrollar la creatividad en las aulas, por empezar a trabajar por proyectos y por evaluar por competencias.<\/p>\n<p align=\"justify\">Para elaborar el presente listado los colegios que as\u00ed lo desean deben de enviar un extenso dossier en el que se explica la gesti\u00f3n general de cada Centro y las actividades que desarrolla. Con estos documentos elaboran el listado de los mejores centros. El mantenernos en estas posiciones y con estas puntuaciones supone un nuevo reconocimiento a la labor que desarrollamos todos\/as y un nuevo impulso a esta forma nuestra de trabajar.<\/p>\n<p align=\"justify\">Gracias a todos\/as porque estos reconocimientos no son posibles sin la implicaci\u00f3n y el trabajo conjunto de personal, familias y alumnado.<\/p>\n<p align=\"justify\"><a href=\"http:\/\/www.urkide.org\/wp-content\/uploads\/2016\/03\/20160303-ranking-el-mundo.jpg\"><img loading=\"lazy\" decoding=\"async\" class=\"aligncenter wp-image-1996 size-medium\" src=\"http:\/\/www.urkide.org\/wp-content\/uploads\/2016\/03\/20160303-ranking-el-mundo-225x300.jpg\" alt=\"20160303-ranking-el-mundo\" width=\"225\" height=\"300\" \/><\/a><\/p>\n<div class=\"clearfix\"><\/div>","protected":false},"excerpt":{"rendered":"<p>Un a\u00f1o m\u00e1s, ayer 2 de marzo, el peri\u00f3dico \u201cEl Mundo\u201d public\u00f3 la lista de los 100 mejores colegios concertados y privados&#8230;<\/p>\n","protected":false},"author":1,"featured_media":0,"comment_status":"open","ping_status":"open","sticky":false,"template":"","format":"standard","meta":{"footnotes":""},"categories":[1],"tags":[],"class_list":["post-16397","post","type-post","status-publish","format-standard","hentry","category-sin-categorizar"],"_links":{"self":[{"href":"https:\/\/www.urkide.org\/eu\/wp-json\/wp\/v2\/posts\/16397","targetHints":{"allow":["GET"]}}],"collection":[{"href":"https:\/\/www.urkide.org\/eu\/wp-json\/wp\/v2\/posts"}],"about":[{"href":"https:\/\/www.urkide.org\/eu\/wp-json\/wp\/v2\/types\/post"}],"author":[{"embeddable":true,"href":"https:\/\/www.urkide.org\/eu\/wp-json\/wp\/v2\/users\/1"}],"replies":[{"embeddable":true,"href":"https:\/\/www.urkide.org\/eu\/wp-json\/wp\/v2\/comments?post=16397"}],"version-history":[{"count":1,"href":"https:\/\/www.urkide.org\/eu\/wp-json\/wp\/v2\/posts\/16397\/revisions"}],"predecessor-version":[{"id":17099,"href":"https:\/\/www.urkide.org\/eu\/wp-json\/wp\/v2\/posts\/16397\/revisions\/17099"}],"wp:attachment":[{"href":"https:\/\/www.urkide.org\/eu\/wp-json\/wp\/v2\/media?parent=16397"}],"wp:term":[{"taxonomy":"category","embeddable":true,"href":"https:\/\/www.urkide.org\/eu\/wp-json\/wp\/v2\/categories?post=16397"},{"taxonomy":"post_tag","embeddable":true,"href":"https:\/\/www.urkide.org\/eu\/wp-json\/wp\/v2\/tags?post=16397"}],"curies":[{"name":"wp","href":"https:\/\/api.w.org\/{rel}","templated":true}]}}