{"id":16405,"date":"2023-01-24T11:09:13","date_gmt":"2023-01-24T11:09:13","guid":{"rendered":"https:\/\/www.urkide.org\/eu\/cinco-alumnos-de-urkide-en-el-congreso-investiga-idi\/"},"modified":"2023-01-24T11:09:13","modified_gmt":"2023-01-24T11:09:13","slug":"cinco-alumnos-de-urkide-en-el-congreso-investiga-idi","status":"publish","type":"post","link":"https:\/\/www.urkide.org\/eu\/cinco-alumnos-de-urkide-en-el-congreso-investiga-idi\/","title":{"rendered":"CINCO ALUMNOS DE URKIDE EN EL CONGRESO \u201cINVESTIGA I+D+i\u201d"},"content":{"rendered":"<p>Cinco alumnos de 4\u00ba de ESO del Colegio han sido seleccionados para participar en el VII Congreso\u00a0\u201cInvestiga\u00a0I+D+i\u201d que se celebrar\u00e1 en Madrid los d\u00edas 20, 21 y 22 de mayo.<\/p>\n<p>Diecisiete alumnos comenzaron sus trabajos en noviembre en diferentes \u00e1reas, Salud, Biotecnolog\u00eda, Energ\u00eda, Nanotecnolog\u00eda o Ciencias del Espacio.<\/p>\n<p>Los cinco alumnos compartir\u00e1n actividades con \u00a0alumnos de otros diecinueve Centros Educativos y sesiones con expertos del CSIC de los diferentes campos de investigaci\u00f3n.<\/p>\n<p>Los alumnos seleccionados y los trabajos de investigaci\u00f3n presentados son los siguientes:<\/p>\n<ul>\n<li>Adri\u00e1n Alonso\n<ul>\n<li>Energ\u00eda y medio ambiente: \u201cVeh\u00edculo el\u00e9ctrico o veh\u00edculo a hidr\u00f3geno\u201d.<\/li>\n<\/ul>\n<\/li>\n<li>Raquel Jordana\n<ul>\n<li>Ciencias del espacio: \u201cMisi\u00f3n tripulada a Marte\u201d.<\/li>\n<\/ul>\n<\/li>\n<li>Alicia Cuber\n<ul>\n<li>Biotecnolog\u00eda:\u00a0 \u201cDomesticando microorganismos\u201d.<\/li>\n<\/ul>\n<\/li>\n<li>Aitor Ruiz de Alegr\u00eda\n<ul>\n<li>Nanotecnolog\u00eda y nuevos materiales: \u201cNanotecnolog\u00eda y ciudades inteligentes\u201d<\/li>\n<\/ul>\n<\/li>\n<li>Lorena Meneses\n<ul>\n<li>Salud: \u201cImagen y Biomedicina\u201d.<\/li>\n<\/ul>\n<\/li>\n<\/ul>\n<p><em>\u00a0<\/em><\/p>\n<p><em>Foto de los alumnos del Colegio que realizaron el trabajo de investigaci\u00f3n en este curso. Ausente: Andrea D\u00edaz.<\/em><\/p>\n<p>\u00a1Enhorabuena a todos!<\/p>\n<p><a href=\"http:\/\/www.urkide.org\/wp-content\/uploads\/2016\/05\/20160512-noticia-congreso-idi.jpg\"><img loading=\"lazy\" decoding=\"async\" class=\"size-medium wp-image-2168 aligncenter\" src=\"http:\/\/www.urkide.org\/wp-content\/uploads\/2016\/05\/20160512-noticia-congreso-idi-300x168.jpg\" alt=\"20160512-noticia-congreso-idi\" width=\"300\" height=\"168\" \/><\/a><\/p>\n<div class=\"clearfix\"><\/div>","protected":false},"excerpt":{"rendered":"<p>Cinco alumnos de 4\u00ba de ESO del Colegio han sido seleccionados para participar en el VII Congreso\u00a0\u201cInvestiga\u00a0I+D+i\u201d que se celebrar\u00e1 en Madrid&#8230;<\/p>\n","protected":false},"author":1,"featured_media":0,"comment_status":"open","ping_status":"open","sticky":false,"template":"","format":"standard","meta":{"footnotes":""},"categories":[1],"tags":[],"class_list":["post-16405","post","type-post","status-publish","format-standard","hentry","category-sin-categorizar"],"_links":{"self":[{"href":"https:\/\/www.urkide.org\/eu\/wp-json\/wp\/v2\/posts\/16405","targetHints":{"allow":["GET"]}}],"collection":[{"href":"https:\/\/www.urkide.org\/eu\/wp-json\/wp\/v2\/posts"}],"about":[{"href":"https:\/\/www.urkide.org\/eu\/wp-json\/wp\/v2\/types\/post"}],"author":[{"embeddable":true,"href":"https:\/\/www.urkide.org\/eu\/wp-json\/wp\/v2\/users\/1"}],"replies":[{"embeddable":true,"href":"https:\/\/www.urkide.org\/eu\/wp-json\/wp\/v2\/comments?post=16405"}],"version-history":[{"count":1,"href":"https:\/\/www.urkide.org\/eu\/wp-json\/wp\/v2\/posts\/16405\/revisions"}],"predecessor-version":[{"id":17084,"href":"https:\/\/www.urkide.org\/eu\/wp-json\/wp\/v2\/posts\/16405\/revisions\/17084"}],"wp:attachment":[{"href":"https:\/\/www.urkide.org\/eu\/wp-json\/wp\/v2\/media?parent=16405"}],"wp:term":[{"taxonomy":"category","embeddable":true,"href":"https:\/\/www.urkide.org\/eu\/wp-json\/wp\/v2\/categories?post=16405"},{"taxonomy":"post_tag","embeddable":true,"href":"https:\/\/www.urkide.org\/eu\/wp-json\/wp\/v2\/tags?post=16405"}],"curies":[{"name":"wp","href":"https:\/\/api.w.org\/{rel}","templated":true}]}}