{"id":16410,"date":"2023-01-24T11:09:13","date_gmt":"2023-01-24T11:09:13","guid":{"rendered":"https:\/\/www.urkide.org\/eu\/dos-alumnas-de-urkide-en-la-semana-del-investigador\/"},"modified":"2023-01-24T11:09:14","modified_gmt":"2023-01-24T11:09:14","slug":"dos-alumnas-de-urkide-en-la-semana-del-investigador","status":"publish","type":"post","link":"https:\/\/www.urkide.org\/eu\/dos-alumnas-de-urkide-en-la-semana-del-investigador\/","title":{"rendered":"Dos alumnas de Urkide en la Semana del Investigador"},"content":{"rendered":"<p>Investigar, no conformarse, buscar nuevas posibilidades, dar un paso adelante.<\/p>\n<p>Tras la participaci\u00f3n de cinco alumnos y alumnas de 4\u00ba de ESO del Colegio en el Congreso de Madrid de Investiga I+D+i los d\u00edas 20, 21 y 22 de mayo, seleccionados entre m\u00e1s de 1000 participantes, dos de ellas, Lorena Meneses y Alicia Cuber, han sido incluidas entre los 15 \u00fanicos elegidos para la Semana del Investigador. Durante estos d\u00edas de junio trabajar\u00e1n en laboratorios de Madrid y Granada en colaboraci\u00f3n con expertos del CSIC y otros organismos dedicados a la Investigaci\u00f3n. Enhorabuena a todo el equipo de participantes en el Programa Investiga I+D+i del Colegio y en especial a Alicia y Lorena.<\/p>\n<p><a href=\"http:\/\/www.urkide.org\/wp-content\/uploads\/2016\/06\/20160601-investiga.jpg\"><img loading=\"lazy\" decoding=\"async\" class=\"size-medium wp-image-2225 aligncenter\" src=\"http:\/\/www.urkide.org\/wp-content\/uploads\/2016\/06\/20160601-investiga-300x200.jpg\" alt=\"20160601-investiga\" width=\"300\" height=\"200\" \/><\/a><\/p>\n<div class=\"clearfix\"><\/div>","protected":false},"excerpt":{"rendered":"<p>Investigar, no conformarse, buscar nuevas posibilidades, dar un paso adelante. Tras la participaci\u00f3n de cinco alumnos y alumnas de 4\u00ba de ESO&#8230;<\/p>\n","protected":false},"author":1,"featured_media":0,"comment_status":"open","ping_status":"open","sticky":false,"template":"","format":"standard","meta":{"footnotes":""},"categories":[1],"tags":[],"class_list":["post-16410","post","type-post","status-publish","format-standard","hentry","category-sin-categorizar"],"_links":{"self":[{"href":"https:\/\/www.urkide.org\/eu\/wp-json\/wp\/v2\/posts\/16410","targetHints":{"allow":["GET"]}}],"collection":[{"href":"https:\/\/www.urkide.org\/eu\/wp-json\/wp\/v2\/posts"}],"about":[{"href":"https:\/\/www.urkide.org\/eu\/wp-json\/wp\/v2\/types\/post"}],"author":[{"embeddable":true,"href":"https:\/\/www.urkide.org\/eu\/wp-json\/wp\/v2\/users\/1"}],"replies":[{"embeddable":true,"href":"https:\/\/www.urkide.org\/eu\/wp-json\/wp\/v2\/comments?post=16410"}],"version-history":[{"count":1,"href":"https:\/\/www.urkide.org\/eu\/wp-json\/wp\/v2\/posts\/16410\/revisions"}],"predecessor-version":[{"id":17092,"href":"https:\/\/www.urkide.org\/eu\/wp-json\/wp\/v2\/posts\/16410\/revisions\/17092"}],"wp:attachment":[{"href":"https:\/\/www.urkide.org\/eu\/wp-json\/wp\/v2\/media?parent=16410"}],"wp:term":[{"taxonomy":"category","embeddable":true,"href":"https:\/\/www.urkide.org\/eu\/wp-json\/wp\/v2\/categories?post=16410"},{"taxonomy":"post_tag","embeddable":true,"href":"https:\/\/www.urkide.org\/eu\/wp-json\/wp\/v2\/tags?post=16410"}],"curies":[{"name":"wp","href":"https:\/\/api.w.org\/{rel}","templated":true}]}}