{"id":16447,"date":"2023-01-24T11:09:21","date_gmt":"2023-01-24T11:09:21","guid":{"rendered":"https:\/\/www.urkide.org\/eu\/inigo-fiestras-candidato-al-premio-voluntariado-de-cruz-roja-en-categoria-superacion\/"},"modified":"2023-01-24T11:09:21","modified_gmt":"2023-01-24T11:09:21","slug":"inigo-fiestras-candidato-al-premio-voluntariado-de-cruz-roja-en-categoria-superacion","status":"publish","type":"post","link":"https:\/\/www.urkide.org\/eu\/inigo-fiestras-candidato-al-premio-voluntariado-de-cruz-roja-en-categoria-superacion\/","title":{"rendered":"I\u00f1igo Fiestras Candidato al Premio Voluntariado de Cruz Roja en categor\u00eda Superaci\u00f3n"},"content":{"rendered":"<p>Tenemos otro exalumno candidato a los premios voluntariado de Cruz Roja. En este caso es en la categor\u00eda &#8220;Superaci\u00f3n&#8221;. Su nombre es I\u00f1igo Fiestras.<\/p>\n<p><a href=\"http:\/\/www.urkide.org\/wp-content\/uploads\/2017\/10\/20171026-Inigo-Fiestras.jpg\"><img loading=\"lazy\" decoding=\"async\" class=\"aligncenter size-medium wp-image-3304\" src=\"http:\/\/www.urkide.org\/wp-content\/uploads\/2017\/10\/20171026-Inigo-Fiestras-212x300.jpg\" alt=\"\" width=\"212\" height=\"300\" \/><\/a><\/p>\n<p>Para poder votar por \u00e9l pod\u00e9is hacer\u00a0clic aqu\u00ed.<\/p>\n<p>La mec\u00e1nica es id\u00e9ntica a la del caso de Luc\u00eda Cervera.\u00a0Hay que votar oro, plata y bronce en Categor\u00eda Superaci\u00f3n\u00a0y si el resto de candidaturas no se quiere votar hay que darle Continuar sin votar y luego se valida con el correo electr\u00f3nico.<\/p>\n<div class=\"clearfix\"><\/div>","protected":false},"excerpt":{"rendered":"<p>Tenemos otro exalumno candidato a los premios voluntariado de Cruz Roja. En este caso es en la categor\u00eda &#8220;Superaci\u00f3n&#8221;. Su nombre es&#8230;<\/p>\n","protected":false},"author":1,"featured_media":0,"comment_status":"open","ping_status":"open","sticky":false,"template":"","format":"standard","meta":{"footnotes":""},"categories":[1],"tags":[],"class_list":["post-16447","post","type-post","status-publish","format-standard","hentry","category-sin-categorizar"],"_links":{"self":[{"href":"https:\/\/www.urkide.org\/eu\/wp-json\/wp\/v2\/posts\/16447","targetHints":{"allow":["GET"]}}],"collection":[{"href":"https:\/\/www.urkide.org\/eu\/wp-json\/wp\/v2\/posts"}],"about":[{"href":"https:\/\/www.urkide.org\/eu\/wp-json\/wp\/v2\/types\/post"}],"author":[{"embeddable":true,"href":"https:\/\/www.urkide.org\/eu\/wp-json\/wp\/v2\/users\/1"}],"replies":[{"embeddable":true,"href":"https:\/\/www.urkide.org\/eu\/wp-json\/wp\/v2\/comments?post=16447"}],"version-history":[{"count":1,"href":"https:\/\/www.urkide.org\/eu\/wp-json\/wp\/v2\/posts\/16447\/revisions"}],"predecessor-version":[{"id":17049,"href":"https:\/\/www.urkide.org\/eu\/wp-json\/wp\/v2\/posts\/16447\/revisions\/17049"}],"wp:attachment":[{"href":"https:\/\/www.urkide.org\/eu\/wp-json\/wp\/v2\/media?parent=16447"}],"wp:term":[{"taxonomy":"category","embeddable":true,"href":"https:\/\/www.urkide.org\/eu\/wp-json\/wp\/v2\/categories?post=16447"},{"taxonomy":"post_tag","embeddable":true,"href":"https:\/\/www.urkide.org\/eu\/wp-json\/wp\/v2\/tags?post=16447"}],"curies":[{"name":"wp","href":"https:\/\/api.w.org\/{rel}","templated":true}]}}