{"id":16468,"date":"2023-01-24T11:09:25","date_gmt":"2023-01-24T11:09:25","guid":{"rendered":"https:\/\/www.urkide.org\/eu\/urkide-en-el-ranking-del-periodico-el-mundo\/"},"modified":"2023-01-24T11:09:25","modified_gmt":"2023-01-24T11:09:25","slug":"urkide-en-el-ranking-del-periodico-el-mundo","status":"publish","type":"post","link":"https:\/\/www.urkide.org\/eu\/urkide-en-el-ranking-del-periodico-el-mundo\/","title":{"rendered":"Urkide en el ranking del peri\u00f3dico &#8220;El Mundo&#8221;"},"content":{"rendered":"<p class=\"gmail-western\" style=\"margin-bottom: .0001pt; text-indent: 35.45pt; line-height: 150%;\"><span style=\"font-size: 11.0pt; line-height: 150%; font-family: 'Arial',sans-serif; color: black;\">Un a\u00f1o m\u00e1s, el pasado mi\u00e9rcoles 7 de marzo, el peri\u00f3dico \u201cEl Mundo\u201d public\u00f3 la lista de los 100 mejores colegios concertados y privados de Espa\u00f1a. En dicha lista aparecemos en el lugar 37 con 87 puntos sobre 100.<\/span><\/p>\n<p class=\"gmail-western\" style=\"margin-bottom: .0001pt; text-indent: 35.45pt; line-height: 150%;\"><b><span style=\"font-size: 11.0pt; line-height: 150%; font-family: 'Arial',sans-serif; color: black;\">Seguimos siendo el primer centro de \u00c1lava y el quinto de Euskadi.<\/span><\/b><\/p>\n<p class=\"gmail-western\" style=\"margin-bottom: .0001pt; text-indent: 35.45pt; line-height: 150%;\"><span style=\"font-size: 11.0pt; line-height: 150%; font-family: 'Arial',sans-serif; color: black;\">En el siguiente enlace pod\u00e9is visitar la p\u00e1gina web del peri\u00f3dico \u201cEl Mundo\u201d y ampliar la informaci\u00f3n:\u00a0<\/span><u><span style=\"color: navy;\"><a href=\"http:\/\/www.elmundo.es\/mejores-colegios.html\"><span style=\"font-size: 11.0pt; line-height: 150%; font-family: 'Arial',sans-serif;\">http:\/\/www.elmundo.es\/mejores-colegios.html<\/span><\/a><\/span><\/u><\/p>\n<p class=\"gmail-western\" style=\"margin-bottom: .0001pt; text-indent: 35.45pt; line-height: 150%;\"><span style=\"color: black;\">\u00a0<\/span><span style=\"font-size: 11.0pt; line-height: 150%; font-family: 'Arial',sans-serif; color: black;\">Para elaborar el presente listado los colegios que as\u00ed lo desean deben de enviar un extenso dossier en el que se explica la gesti\u00f3n general de cada Centro y las actividades que desarrolla. Con estos documentos elaboran el listado de los mejores centros. El mantenernos en estas posiciones y con estas puntuaciones supone un nuevo reconocimiento a la labor que desarrollamos todos\/as y un nuevo impulso a esta forma nuestra de trabajar.<\/span><\/p>\n<p class=\"gmail-western\" style=\"margin-bottom: .0001pt; text-indent: 35.45pt; line-height: 150%;\"><b><span style=\"font-size: 11.0pt; line-height: 150%; font-family: 'Arial',sans-serif; color: black;\">Gracias a todos\/as porque estos reconocimientos no son posibles sin la implicaci\u00f3n y el trabajo conjunto de personal, familias y alumnado.<\/span><\/b><\/p>\n<div class=\"clearfix\"><\/div>","protected":false},"excerpt":{"rendered":"<p>Un a\u00f1o m\u00e1s, el pasado mi\u00e9rcoles 7 de marzo, el peri\u00f3dico \u201cEl Mundo\u201d public\u00f3 la lista de los 100 mejores colegios concertados&#8230;<\/p>\n","protected":false},"author":1,"featured_media":0,"comment_status":"open","ping_status":"open","sticky":false,"template":"","format":"standard","meta":{"footnotes":""},"categories":[1],"tags":[],"class_list":["post-16468","post","type-post","status-publish","format-standard","hentry","category-sin-categorizar"],"_links":{"self":[{"href":"https:\/\/www.urkide.org\/eu\/wp-json\/wp\/v2\/posts\/16468","targetHints":{"allow":["GET"]}}],"collection":[{"href":"https:\/\/www.urkide.org\/eu\/wp-json\/wp\/v2\/posts"}],"about":[{"href":"https:\/\/www.urkide.org\/eu\/wp-json\/wp\/v2\/types\/post"}],"author":[{"embeddable":true,"href":"https:\/\/www.urkide.org\/eu\/wp-json\/wp\/v2\/users\/1"}],"replies":[{"embeddable":true,"href":"https:\/\/www.urkide.org\/eu\/wp-json\/wp\/v2\/comments?post=16468"}],"version-history":[{"count":1,"href":"https:\/\/www.urkide.org\/eu\/wp-json\/wp\/v2\/posts\/16468\/revisions"}],"predecessor-version":[{"id":17030,"href":"https:\/\/www.urkide.org\/eu\/wp-json\/wp\/v2\/posts\/16468\/revisions\/17030"}],"wp:attachment":[{"href":"https:\/\/www.urkide.org\/eu\/wp-json\/wp\/v2\/media?parent=16468"}],"wp:term":[{"taxonomy":"category","embeddable":true,"href":"https:\/\/www.urkide.org\/eu\/wp-json\/wp\/v2\/categories?post=16468"},{"taxonomy":"post_tag","embeddable":true,"href":"https:\/\/www.urkide.org\/eu\/wp-json\/wp\/v2\/tags?post=16468"}],"curies":[{"name":"wp","href":"https:\/\/api.w.org\/{rel}","templated":true}]}}