{"id":16480,"date":"2023-01-24T11:09:27","date_gmt":"2023-01-24T11:09:27","guid":{"rendered":"https:\/\/www.urkide.org\/eu\/english-night-june-18\/"},"modified":"2023-01-24T11:09:27","modified_gmt":"2023-01-24T11:09:27","slug":"english-night-june-18","status":"publish","type":"post","link":"https:\/\/www.urkide.org\/eu\/english-night-june-18\/","title":{"rendered":"English night June 18"},"content":{"rendered":"<p><span style=\"font-weight: 400;\">El pasado 1 y 2 de junio los ni\u00f1os y ni\u00f1as de las 3 aulas de 3\u00ba de Infantil participaron en la English Night 18. Parece que fue ayer cuando el departamento de Ingl\u00e9s de Infantil comenz\u00f3 con este interesante \u00a0reto, pero este a\u00f1o ha supuesto ser ya la 7\u00aa edici\u00f3n. Los valientes ni\u00f1os y ni\u00f1as vinieron con el saco de dormir, el peluche y una pesada maleta cargada de ilusi\u00f3n, entusiasmo y ganas de disfrutar and, of course, de hablar English.<\/span><\/p>\n<p><span style=\"font-weight: 400;\">A pesar de las inclemencias meteorol\u00f3gicas, con tormenta incluida, pudieron jugar en el patio con sus gigantescas canastas y porter\u00edas y en el enorme y atractivo polideportivo. No falt\u00f3 a la cita la minidisco con los m\u00e1s actuales temas musicales y las luces \u00a0m\u00e1s resplandecientes. Todos movieron el esqueleto, la cintura y la cabeza hasta que el cuerpo aguant\u00f3 y se dijo:\u201d It is bedtime. Let\u00b4s go to sleep\u201d. Las salitas de psicomotricidad se convirtieron en fant\u00e1sticos dormitorios, repletos de camas y colchonetas. En general, durmieron y so\u00f1aron, excepto alguno que necesitaba de vez en cuando alg\u00fan mimito y achuch\u00f3n por ausencia de mummy y daddy. El hecho de desayunar en el comedor del cole con pijama tambi\u00e9n tuvo su encanto. <\/span><\/p>\n<p><span style=\"font-weight: 400;\">Pero lo m\u00e1s emotivo de esta experiencia fue a la 1 de la tarde, cuando las familias vinieron a recoger a sus hijos e hijas con una maleta llena de inolvidables recuerdos y vivencias y todos ellos dispuestos a transmitirlas. <\/span><\/p>\n<p><span style=\"font-weight: 400;\">Para muchos supone ser la primera noche que duermen fuera del nido familiar. How brave!! Qu\u00e9 valientes! Next year will be the 8th.<\/span><\/p>\n<p>&nbsp;<\/p>\n\n<div class=\"clearfix\"><\/div>","protected":false},"excerpt":{"rendered":"<p>El pasado 1 y 2 de junio los ni\u00f1os y ni\u00f1as de las 3 aulas de 3\u00ba de Infantil participaron en la&#8230;<\/p>\n","protected":false},"author":1,"featured_media":0,"comment_status":"open","ping_status":"open","sticky":false,"template":"","format":"standard","meta":{"footnotes":""},"categories":[1],"tags":[],"class_list":["post-16480","post","type-post","status-publish","format-standard","hentry","category-sin-categorizar"],"_links":{"self":[{"href":"https:\/\/www.urkide.org\/eu\/wp-json\/wp\/v2\/posts\/16480","targetHints":{"allow":["GET"]}}],"collection":[{"href":"https:\/\/www.urkide.org\/eu\/wp-json\/wp\/v2\/posts"}],"about":[{"href":"https:\/\/www.urkide.org\/eu\/wp-json\/wp\/v2\/types\/post"}],"author":[{"embeddable":true,"href":"https:\/\/www.urkide.org\/eu\/wp-json\/wp\/v2\/users\/1"}],"replies":[{"embeddable":true,"href":"https:\/\/www.urkide.org\/eu\/wp-json\/wp\/v2\/comments?post=16480"}],"version-history":[{"count":1,"href":"https:\/\/www.urkide.org\/eu\/wp-json\/wp\/v2\/posts\/16480\/revisions"}],"predecessor-version":[{"id":17022,"href":"https:\/\/www.urkide.org\/eu\/wp-json\/wp\/v2\/posts\/16480\/revisions\/17022"}],"wp:attachment":[{"href":"https:\/\/www.urkide.org\/eu\/wp-json\/wp\/v2\/media?parent=16480"}],"wp:term":[{"taxonomy":"category","embeddable":true,"href":"https:\/\/www.urkide.org\/eu\/wp-json\/wp\/v2\/categories?post=16480"},{"taxonomy":"post_tag","embeddable":true,"href":"https:\/\/www.urkide.org\/eu\/wp-json\/wp\/v2\/tags?post=16480"}],"curies":[{"name":"wp","href":"https:\/\/api.w.org\/{rel}","templated":true}]}}