{"id":16503,"date":"2023-01-24T11:09:32","date_gmt":"2023-01-24T11:09:32","guid":{"rendered":"https:\/\/www.urkide.org\/eu\/pablo-baceiredo-en-el-congreso-internacional-de-ciencia-juvenil\/"},"modified":"2023-01-24T11:09:32","modified_gmt":"2023-01-24T11:09:32","slug":"pablo-baceiredo-en-el-congreso-internacional-de-ciencia-juvenil","status":"publish","type":"post","link":"https:\/\/www.urkide.org\/eu\/pablo-baceiredo-en-el-congreso-internacional-de-ciencia-juvenil\/","title":{"rendered":"Pablo Baceiredo en el Congreso Internacional de Ciencia Juvenil"},"content":{"rendered":"<p>Del 26 al 29 de noviembre tuvo lugar en Copenhague el International Youth Scientific Congress (Congreso Internacional de Ciencia Juvenil).<\/p>\n<p>&nbsp;<\/p>\n<p>A dicho congreso acudi\u00f3 nuestro alumno Pablo Baceiredo (1\u00ba de Bachillerato) junto con 4 compa\u00f1eros m\u00e1s que acud\u00edan desde Canarias, Toledo, Madrid y C\u00e1diz.<\/p>\n<p><a href=\"http:\/\/www.urkide.org\/wp-content\/uploads\/2018\/12\/20181217-Pablo_Baceiredo_en_Copenhague.jpg\"><img loading=\"lazy\" decoding=\"async\" class=\"aligncenter size-full wp-image-4085\" src=\"http:\/\/www.urkide.org\/wp-content\/uploads\/2018\/12\/20181217-Pablo_Baceiredo_en_Copenhague.jpg\" alt=\"\" width=\"270\" height=\"202\" \/><\/a><\/p>\n<p>&nbsp;<\/p>\n<p>Pablo ha debido recorrer un largo camino para llegar hasta la capital danesa.<\/p>\n<p>&nbsp;<\/p>\n<p>Para m\u00e1s informaci\u00f3n pod\u00e9is hacer <a href=\"https:\/\/blogs.vitoria-gasteiz.org\/vgaztea\/2018\/12\/17\/el-joven-vitoriano-pablo-baceiredo-acude-al-congreso-internacional-de-ciencia-juvenil\/\" target=\"_blank\" rel=\"noopener\">clic aqu\u00ed<\/a>.<\/p>\n<div class=\"clearfix\"><\/div>","protected":false},"excerpt":{"rendered":"<p>Del 26 al 29 de noviembre tuvo lugar en Copenhague el International Youth Scientific Congress (Congreso Internacional de Ciencia Juvenil). &nbsp; A&#8230;<\/p>\n","protected":false},"author":1,"featured_media":0,"comment_status":"open","ping_status":"open","sticky":false,"template":"","format":"standard","meta":{"footnotes":""},"categories":[1],"tags":[],"class_list":["post-16503","post","type-post","status-publish","format-standard","hentry","category-sin-categorizar"],"_links":{"self":[{"href":"https:\/\/www.urkide.org\/eu\/wp-json\/wp\/v2\/posts\/16503","targetHints":{"allow":["GET"]}}],"collection":[{"href":"https:\/\/www.urkide.org\/eu\/wp-json\/wp\/v2\/posts"}],"about":[{"href":"https:\/\/www.urkide.org\/eu\/wp-json\/wp\/v2\/types\/post"}],"author":[{"embeddable":true,"href":"https:\/\/www.urkide.org\/eu\/wp-json\/wp\/v2\/users\/1"}],"replies":[{"embeddable":true,"href":"https:\/\/www.urkide.org\/eu\/wp-json\/wp\/v2\/comments?post=16503"}],"version-history":[{"count":1,"href":"https:\/\/www.urkide.org\/eu\/wp-json\/wp\/v2\/posts\/16503\/revisions"}],"predecessor-version":[{"id":16986,"href":"https:\/\/www.urkide.org\/eu\/wp-json\/wp\/v2\/posts\/16503\/revisions\/16986"}],"wp:attachment":[{"href":"https:\/\/www.urkide.org\/eu\/wp-json\/wp\/v2\/media?parent=16503"}],"wp:term":[{"taxonomy":"category","embeddable":true,"href":"https:\/\/www.urkide.org\/eu\/wp-json\/wp\/v2\/categories?post=16503"},{"taxonomy":"post_tag","embeddable":true,"href":"https:\/\/www.urkide.org\/eu\/wp-json\/wp\/v2\/tags?post=16503"}],"curies":[{"name":"wp","href":"https:\/\/api.w.org\/{rel}","templated":true}]}}