{"id":16507,"date":"2023-01-24T11:09:32","date_gmt":"2023-01-24T11:09:32","guid":{"rendered":"https:\/\/www.urkide.org\/eu\/andy-davalos-en-el-cern\/"},"modified":"2023-01-24T11:09:33","modified_gmt":"2023-01-24T11:09:33","slug":"andy-davalos-en-el-cern","status":"publish","type":"post","link":"https:\/\/www.urkide.org\/eu\/andy-davalos-en-el-cern\/","title":{"rendered":"Andy D\u00e1valos en el CERN"},"content":{"rendered":"<p>Nuestro ex-alumno Andy D\u00e1valos estuvo en Suiza visitando las instalaciones del\u00a0<a href=\"https:\/\/home.cern\/\" target=\"_blank\" rel=\"noopener\">CERN\u00a0<\/a>sitas en Ginebra junto a otros 9 universitarios alaveses.<\/p>\n<p>Una de las cosas que han aprendido estos universitarios durante las dos semanas de estancia en las instalaciones de la Organizaci\u00f3n Europea para la Investigaci\u00f3n Nuclear (CERN)\u00a0 ha sido que &#8220;<em>siempre hay que intentar pensar de una manera disruptiva y no dar ninguna idea por mala, porque hasta de las que fracasan y no llegan a nada se aprende algo y eso quiz\u00e1 luego tenga grandes aplicaciones<\/em>&#8220;.<\/p>\n<p>El CERN desarrolla un programa en el que ofrece a estudiantes de toda Europa la posibilidad de conocer sus instalaciones. All\u00ed se estudia la f\u00edsica de neutrones para comprender como se forman los elementos qu\u00edmicos en el universo.<\/p>\n<p>Ahora deben hacer una propuesta para realizar una posible investigaci\u00f3n. Los \u00fanicos l\u00edmites que hay son los de la f\u00edsica. Pueden proponer cualquier cosa aunque, con los medios y la tecnolog\u00eda actualmente existentes, no fuera posible.<\/p>\n<p>La primera semana les ense\u00f1an lo que es el pensamiento disruptivo y en la parte final de la estancia dicho pensamiento llev\u00f3 a los diferentes grupos a hacer una serie de propuestas.<\/p>\n<p>Tanto David Montero (director de BiC Araba) como Arantza Beitia (directora de desarrollo de campus y relaciones externas del Campus de \u00c1lava de la UPV\/EHU) valoran la experiencia de una manera muy positiva ya que &#8220;<em>los participantes han quedado muy satisfechos y con ganas de repetir<\/em>&#8220;.<\/p>\n\n<div class=\"clearfix\"><\/div>","protected":false},"excerpt":{"rendered":"<p>Nuestro ex-alumno Andy D\u00e1valos estuvo en Suiza visitando las instalaciones del\u00a0CERN\u00a0sitas en Ginebra junto a otros 9 universitarios alaveses. Una de las&#8230;<\/p>\n","protected":false},"author":1,"featured_media":0,"comment_status":"open","ping_status":"open","sticky":false,"template":"","format":"standard","meta":{"footnotes":""},"categories":[1],"tags":[],"class_list":["post-16507","post","type-post","status-publish","format-standard","hentry","category-sin-categorizar"],"_links":{"self":[{"href":"https:\/\/www.urkide.org\/eu\/wp-json\/wp\/v2\/posts\/16507","targetHints":{"allow":["GET"]}}],"collection":[{"href":"https:\/\/www.urkide.org\/eu\/wp-json\/wp\/v2\/posts"}],"about":[{"href":"https:\/\/www.urkide.org\/eu\/wp-json\/wp\/v2\/types\/post"}],"author":[{"embeddable":true,"href":"https:\/\/www.urkide.org\/eu\/wp-json\/wp\/v2\/users\/1"}],"replies":[{"embeddable":true,"href":"https:\/\/www.urkide.org\/eu\/wp-json\/wp\/v2\/comments?post=16507"}],"version-history":[{"count":1,"href":"https:\/\/www.urkide.org\/eu\/wp-json\/wp\/v2\/posts\/16507\/revisions"}],"predecessor-version":[{"id":16989,"href":"https:\/\/www.urkide.org\/eu\/wp-json\/wp\/v2\/posts\/16507\/revisions\/16989"}],"wp:attachment":[{"href":"https:\/\/www.urkide.org\/eu\/wp-json\/wp\/v2\/media?parent=16507"}],"wp:term":[{"taxonomy":"category","embeddable":true,"href":"https:\/\/www.urkide.org\/eu\/wp-json\/wp\/v2\/categories?post=16507"},{"taxonomy":"post_tag","embeddable":true,"href":"https:\/\/www.urkide.org\/eu\/wp-json\/wp\/v2\/tags?post=16507"}],"curies":[{"name":"wp","href":"https:\/\/api.w.org\/{rel}","templated":true}]}}