{"id":16512,"date":"2023-01-24T11:09:35","date_gmt":"2023-01-24T11:09:35","guid":{"rendered":"https:\/\/www.urkide.org\/eu\/txipiron-el-rey-del-carnaval-se-despidio-hasta-el-ano-que-viene\/"},"modified":"2023-01-24T11:09:35","modified_gmt":"2023-01-24T11:09:35","slug":"txipiron-el-rey-del-carnaval-se-despidio-hasta-el-ano-que-viene","status":"publish","type":"post","link":"https:\/\/www.urkide.org\/eu\/txipiron-el-rey-del-carnaval-se-despidio-hasta-el-ano-que-viene\/","title":{"rendered":"Txipir\u00f3n, el rey del carnaval, se despidi\u00f3 hasta el a\u00f1o que viene"},"content":{"rendered":"<p><span style=\"font-weight: 400;\">Txipiron, el Rey del Carnaval \u00a0de Infantil, junto con Txipirona, la Reina, \u00a0dieron por concluido el Carnaval 2019 el pasado viernes 1 de Marzo.<\/span><\/p>\n<p><span style=\"font-weight: 400;\">Una semana antes, el Monarca nos invit\u00f3 desde Estados Unidos a que nos disfraz\u00e1ramos de la Gran Wanda: el lunes la camiseta llena de colores, el martes los pantalones vistosos, el mi\u00e9rcoles el collar, el jueves la peluca y el viernes, como \u00faltima prenda, las gafas y\/o la cara maquillada.<\/span><\/p>\n<p><span style=\"font-weight: 400;\">En la despedida Txipirona se mostr\u00f3 triste porque no hab\u00eda ganado el Oscar a la mejor actriz, por su papel en la pel\u00edcula de King Kong. Ambos \u00a0han estado grabando recientemente impresionantes escenas por las calles de Manhattan. \u00c9ste fue el motivo de la ausencia de ambos en la bienvenida. Txipiron, en cambio, se mostr\u00f3 satisfecho y alegre y le consol\u00f3 diciendo que lo importante es participar y no ganar.<\/span><\/p>\n<p><span style=\"font-weight: 400;\">Por otra parte, como Txipiron y Txipirona saben que a todos ni\u00f1os \u00a0y a todas ni\u00f1as de Urkide nos encantan much\u00edsimo las palomitas de ma\u00edz y el cine, nos repartieron como premio unos deliciosos caramelos..<\/span><\/p>\n<p><span style=\"font-weight: 400;\">Finalmente, Txipiron se dio cuenta de que hab\u00eda algunas caras tristes, porque se estaba despidiendo hasta el Carnaval del a\u00f1o que viene 2020. Alguno, incluso, lo manifestaba con l\u00e1grimas. Es que un a\u00f1o es muy largo\u2026 Eguraldia ezin hobea zenez gero, patiora atera ginen dantzatzera. We loved dancing and singing amazing songs.<\/span><\/p>\n<p><span style=\"font-weight: 400;\">Txipiron, zure zain egongo gara datorren urtera arte.. We love you so much.<\/span><\/p>\n\n<div class=\"clearfix\"><\/div>","protected":false},"excerpt":{"rendered":"<p>Txipiron, el Rey del Carnaval \u00a0de Infantil, junto con Txipirona, la Reina, \u00a0dieron por concluido el Carnaval 2019 el pasado viernes 1&#8230;<\/p>\n","protected":false},"author":1,"featured_media":0,"comment_status":"open","ping_status":"open","sticky":false,"template":"","format":"standard","meta":{"footnotes":""},"categories":[1],"tags":[],"class_list":["post-16512","post","type-post","status-publish","format-standard","hentry","category-sin-categorizar"],"_links":{"self":[{"href":"https:\/\/www.urkide.org\/eu\/wp-json\/wp\/v2\/posts\/16512","targetHints":{"allow":["GET"]}}],"collection":[{"href":"https:\/\/www.urkide.org\/eu\/wp-json\/wp\/v2\/posts"}],"about":[{"href":"https:\/\/www.urkide.org\/eu\/wp-json\/wp\/v2\/types\/post"}],"author":[{"embeddable":true,"href":"https:\/\/www.urkide.org\/eu\/wp-json\/wp\/v2\/users\/1"}],"replies":[{"embeddable":true,"href":"https:\/\/www.urkide.org\/eu\/wp-json\/wp\/v2\/comments?post=16512"}],"version-history":[{"count":1,"href":"https:\/\/www.urkide.org\/eu\/wp-json\/wp\/v2\/posts\/16512\/revisions"}],"predecessor-version":[{"id":16977,"href":"https:\/\/www.urkide.org\/eu\/wp-json\/wp\/v2\/posts\/16512\/revisions\/16977"}],"wp:attachment":[{"href":"https:\/\/www.urkide.org\/eu\/wp-json\/wp\/v2\/media?parent=16512"}],"wp:term":[{"taxonomy":"category","embeddable":true,"href":"https:\/\/www.urkide.org\/eu\/wp-json\/wp\/v2\/categories?post=16512"},{"taxonomy":"post_tag","embeddable":true,"href":"https:\/\/www.urkide.org\/eu\/wp-json\/wp\/v2\/tags?post=16512"}],"curies":[{"name":"wp","href":"https:\/\/api.w.org\/{rel}","templated":true}]}}