{"id":16532,"date":"2023-01-24T11:09:38","date_gmt":"2023-01-24T11:09:38","guid":{"rendered":"https:\/\/www.urkide.org\/eu\/english-night-2019\/"},"modified":"2023-01-24T11:09:38","modified_gmt":"2023-01-24T11:09:38","slug":"english-night-2019","status":"publish","type":"post","link":"https:\/\/www.urkide.org\/eu\/english-night-2019\/","title":{"rendered":"English Night 2019"},"content":{"rendered":"<p><span style=\"font-weight: 400;\">El pasado 7 y 8 de junio los ni\u00f1os y ni\u00f1as de 3\u00ba de Infantil participamos en la 8\u00aa Edici\u00f3n de la English Night. A las 6 de la tarde entramos en el cole con nuestro saco de dormir, nuestro peluche y nuestra pesada maleta cargada de ilusi\u00f3n, entusiasmo y ganas de disfrutar y, of course, de comunicarnos en English.<\/span><\/p>\n<p><span style=\"font-weight: 400;\">Merendamos en la terraza del cole. \u00a1\u00a1Qu\u00e9 vistas!! Posteriormente, \u00a0jugamos en el patio grande con sus gigantescas canastas y porter\u00edas. Por la noche no falt\u00f3 a la cita, como cada a\u00f1o, la minidisco con los temas musicales m\u00e1s actuales y las luces \u00a0m\u00e1s resplandecientes. Todos movimos el esqueleto, la cintura y la cabeza hasta que los &#8220;teachers&#8221; dijeron :\u201d It&#8217;s bedtime. Let\u00b4s go to sleep\u201d. Las salitas de psicomotricidad se convirtieron en fant\u00e1sticos dormitorios, repletos de camas y colchonetas. \u00a0Fue genial poder dormir al lado de los compa\u00f1eros y compa\u00f1eras de clase. Al d\u00eda siguiente, el hecho de desayunar en el comedor del cole con pijama tambi\u00e9n tuvo su encanto. \u00a1Qu\u00e9 fabuloso desayuno! <\/span><\/p>\n<p><span style=\"font-weight: 400;\">Pero lo m\u00e1s emotivo de esta experiencia fue a la 1 de la tarde, cuando nuestras expectantes familias vinieron a recogernos con nuestra maleta llena de inolvidables recuerdos y extraordinarias vivencias y todos nosotros dispuestos a transmitirlas. <\/span><\/p>\n<p><span style=\"font-weight: 400;\">Para muchos de nosotros supuso ser la primera noche que dormimos fuera del nido familiar. How brave!! Qu\u00e9 valientes! Next year again!!! <\/span><\/p>\n<p>&nbsp;<\/p>\n\n<div class=\"clearfix\"><\/div>","protected":false},"excerpt":{"rendered":"<p>El pasado 7 y 8 de junio los ni\u00f1os y ni\u00f1as de 3\u00ba de Infantil participamos en la 8\u00aa Edici\u00f3n de la&#8230;<\/p>\n","protected":false},"author":1,"featured_media":0,"comment_status":"open","ping_status":"open","sticky":false,"template":"","format":"standard","meta":{"footnotes":""},"categories":[1],"tags":[],"class_list":["post-16532","post","type-post","status-publish","format-standard","hentry","category-sin-categorizar"],"_links":{"self":[{"href":"https:\/\/www.urkide.org\/eu\/wp-json\/wp\/v2\/posts\/16532","targetHints":{"allow":["GET"]}}],"collection":[{"href":"https:\/\/www.urkide.org\/eu\/wp-json\/wp\/v2\/posts"}],"about":[{"href":"https:\/\/www.urkide.org\/eu\/wp-json\/wp\/v2\/types\/post"}],"author":[{"embeddable":true,"href":"https:\/\/www.urkide.org\/eu\/wp-json\/wp\/v2\/users\/1"}],"replies":[{"embeddable":true,"href":"https:\/\/www.urkide.org\/eu\/wp-json\/wp\/v2\/comments?post=16532"}],"version-history":[{"count":1,"href":"https:\/\/www.urkide.org\/eu\/wp-json\/wp\/v2\/posts\/16532\/revisions"}],"predecessor-version":[{"id":16957,"href":"https:\/\/www.urkide.org\/eu\/wp-json\/wp\/v2\/posts\/16532\/revisions\/16957"}],"wp:attachment":[{"href":"https:\/\/www.urkide.org\/eu\/wp-json\/wp\/v2\/media?parent=16532"}],"wp:term":[{"taxonomy":"category","embeddable":true,"href":"https:\/\/www.urkide.org\/eu\/wp-json\/wp\/v2\/categories?post=16532"},{"taxonomy":"post_tag","embeddable":true,"href":"https:\/\/www.urkide.org\/eu\/wp-json\/wp\/v2\/tags?post=16532"}],"curies":[{"name":"wp","href":"https:\/\/api.w.org\/{rel}","templated":true}]}}