{"id":16538,"date":"2023-01-24T11:09:38","date_gmt":"2023-01-24T11:09:38","guid":{"rendered":"https:\/\/www.urkide.org\/eu\/intercambio-con-alemania-2\/"},"modified":"2023-01-24T11:09:39","modified_gmt":"2023-01-24T11:09:39","slug":"intercambio-con-alemania-2","status":"publish","type":"post","link":"https:\/\/www.urkide.org\/eu\/intercambio-con-alemania-2\/","title":{"rendered":"Intercambio con Alemania"},"content":{"rendered":"<p>11 alumn@s de Primero de Bachiller est\u00e1n pasando unos d\u00edas de intercambio en Marl.<\/p>\n<p>Ell@s nos visitaron en marzo y ahora nosotr@s les devolvemos la visita. Aparte de practicar alem\u00e1n estamos aprendiendo sus costumbres y visitando los lugares m\u00e1s representativos de la cuenca del Ruhr. Todav\u00eda nos quedan unos d\u00edas para disfrutar de esta bonita experiencia.<\/p>\n<p>Bis bald!<\/p>\n<p><a href=\"http:\/\/www.urkide.org\/wp-content\/uploads\/2019\/09\/201909-Intercambio-Alemania-1.jpg\"><img loading=\"lazy\" decoding=\"async\" class=\"alignleft size-medium wp-image-4605\" src=\"http:\/\/www.urkide.org\/wp-content\/uploads\/2019\/09\/201909-Intercambio-Alemania-1-300x225.jpg\" alt=\"\" width=\"300\" height=\"225\" \/><\/a><a href=\"http:\/\/www.urkide.org\/wp-content\/uploads\/2019\/09\/201909-Intercambio-Alemania-2.jpg\"><img loading=\"lazy\" decoding=\"async\" class=\"alignleft size-medium wp-image-4606\" src=\"http:\/\/www.urkide.org\/wp-content\/uploads\/2019\/09\/201909-Intercambio-Alemania-2-225x300.jpg\" alt=\"\" width=\"225\" height=\"300\" \/><\/a><\/p>\n<div class=\"clearfix\"><\/div>","protected":false},"excerpt":{"rendered":"<p>11 alumn@s de Primero de Bachiller est\u00e1n pasando unos d\u00edas de intercambio en Marl. Ell@s nos visitaron en marzo y ahora nosotr@s&#8230;<\/p>\n","protected":false},"author":1,"featured_media":0,"comment_status":"open","ping_status":"open","sticky":false,"template":"","format":"standard","meta":{"footnotes":""},"categories":[1],"tags":[],"class_list":["post-16538","post","type-post","status-publish","format-standard","hentry","category-sin-categorizar"],"_links":{"self":[{"href":"https:\/\/www.urkide.org\/eu\/wp-json\/wp\/v2\/posts\/16538","targetHints":{"allow":["GET"]}}],"collection":[{"href":"https:\/\/www.urkide.org\/eu\/wp-json\/wp\/v2\/posts"}],"about":[{"href":"https:\/\/www.urkide.org\/eu\/wp-json\/wp\/v2\/types\/post"}],"author":[{"embeddable":true,"href":"https:\/\/www.urkide.org\/eu\/wp-json\/wp\/v2\/users\/1"}],"replies":[{"embeddable":true,"href":"https:\/\/www.urkide.org\/eu\/wp-json\/wp\/v2\/comments?post=16538"}],"version-history":[{"count":1,"href":"https:\/\/www.urkide.org\/eu\/wp-json\/wp\/v2\/posts\/16538\/revisions"}],"predecessor-version":[{"id":16960,"href":"https:\/\/www.urkide.org\/eu\/wp-json\/wp\/v2\/posts\/16538\/revisions\/16960"}],"wp:attachment":[{"href":"https:\/\/www.urkide.org\/eu\/wp-json\/wp\/v2\/media?parent=16538"}],"wp:term":[{"taxonomy":"category","embeddable":true,"href":"https:\/\/www.urkide.org\/eu\/wp-json\/wp\/v2\/categories?post=16538"},{"taxonomy":"post_tag","embeddable":true,"href":"https:\/\/www.urkide.org\/eu\/wp-json\/wp\/v2\/tags?post=16538"}],"curies":[{"name":"wp","href":"https:\/\/api.w.org\/{rel}","templated":true}]}}