{"id":16557,"date":"2023-01-24T11:09:42","date_gmt":"2023-01-24T11:09:42","guid":{"rendered":"https:\/\/www.urkide.org\/eu\/txipiron-el-rey-del-carnaval-se-despidio-hasta-el-ano-que-viene-2\/"},"modified":"2023-01-24T11:09:42","modified_gmt":"2023-01-24T11:09:42","slug":"txipiron-el-rey-del-carnaval-se-despidio-hasta-el-ano-que-viene-2","status":"publish","type":"post","link":"https:\/\/www.urkide.org\/eu\/txipiron-el-rey-del-carnaval-se-despidio-hasta-el-ano-que-viene-2\/","title":{"rendered":"Txipir\u00f3n, el rey del Carnaval, se despidi\u00f3 hasta el a\u00f1o que viene"},"content":{"rendered":"<p><span style=\"font-weight: 400;\">Txipiron, el Rey del Carnaval\u00a0 de Infantil, junto con Txipirona, la Reina,\u00a0 dieron por concluido el Carnaval 2020 el pasado viernes 21 de Febrero.\u00a0<\/span><\/p>\n<p><span style=\"font-weight: 400;\">Una semana antes, el Monarca nos invit\u00f3\u00a0 a que nos disfraz\u00e1ramos de\u00a0<\/span><b>Submarinistas\/ Urpekariak\/ Scuba divers :\u00a0<\/b><span style=\"font-weight: 400;\">El\u00a0<\/span><span style=\"font-weight: 400;\">l<\/span><span style=\"font-weight: 400;\">unes: unas mallas negras y camiseta negra, el martes: unas gafas de nadador, el mi\u00e9rcoles: un gorro de nadador, el jueves: unas aletas (hechas en casa), el viernes: la \u00faltima y definitiva prenda, unas botellas de ox\u00edgeno (hechas en casa). Hay que agradecer, desde el departamento de Infantil, la imaginaci\u00f3n y creatividad que han mostrado tener los padres en la elaboraci\u00f3n del disfraz de los ni\u00f1os. Mila esker guztioi! Thanks for your cooperation!<\/span><\/p>\n<p><span style=\"font-weight: 400;\">En la despedida Txipirona se mostr\u00f3 triste porque al baby Txipi le hab\u00eda picado una medusa, realizando un cursillo de submarinismo. Mientras que Ron, el otro baby de los reyes del Carnaval de Urkide, se hab\u00eda encontrado la gorra del capit\u00e1n del Titanic que se encuentra hundido en el fondo del mar. Del mismo modo, Txipiron manifest\u00f3 su preocupaci\u00f3n por la cantidad de pl\u00e1sticos que hay en el mar que est\u00e1 acabando con los peces y con la vida de nuestros mares y oc\u00e9anos.<\/span><\/p>\n<p><span style=\"font-weight: 400;\">Por otra parte, como Txipiron y Txipirona saben que a todos ni\u00f1os\u00a0 y a todas ni\u00f1as de Urkide nos encantan much\u00edsimo los peces, nos repartieron como premio unas deliciosas galletas de pececitos.\u00a0<\/span><\/p>\n<p><span style=\"font-weight: 400;\">Finalmente, Txipiron y Txipirona se despidieron hasta el Carnaval del a\u00f1o que viene 2021. Eguraldia ezin hobea zenez gero, patiora atera ginen dantzatzera. We loved dancing and singing amazing songs.<\/span><\/p>\n<p><span style=\"font-weight: 400;\">Txipiron, Txipirona: zuen zain egongo gara datorren urtera arte. We love you so much.<\/span><\/p>\n\n<div class=\"clearfix\"><\/div>","protected":false},"excerpt":{"rendered":"<p>Txipiron, el Rey del Carnaval\u00a0 de Infantil, junto con Txipirona, la Reina,\u00a0 dieron por concluido el Carnaval 2020 el pasado viernes 21&#8230;<\/p>\n","protected":false},"author":1,"featured_media":0,"comment_status":"open","ping_status":"open","sticky":false,"template":"","format":"standard","meta":{"footnotes":""},"categories":[1],"tags":[],"class_list":["post-16557","post","type-post","status-publish","format-standard","hentry","category-sin-categorizar"],"_links":{"self":[{"href":"https:\/\/www.urkide.org\/eu\/wp-json\/wp\/v2\/posts\/16557","targetHints":{"allow":["GET"]}}],"collection":[{"href":"https:\/\/www.urkide.org\/eu\/wp-json\/wp\/v2\/posts"}],"about":[{"href":"https:\/\/www.urkide.org\/eu\/wp-json\/wp\/v2\/types\/post"}],"author":[{"embeddable":true,"href":"https:\/\/www.urkide.org\/eu\/wp-json\/wp\/v2\/users\/1"}],"replies":[{"embeddable":true,"href":"https:\/\/www.urkide.org\/eu\/wp-json\/wp\/v2\/comments?post=16557"}],"version-history":[{"count":1,"href":"https:\/\/www.urkide.org\/eu\/wp-json\/wp\/v2\/posts\/16557\/revisions"}],"predecessor-version":[{"id":16939,"href":"https:\/\/www.urkide.org\/eu\/wp-json\/wp\/v2\/posts\/16557\/revisions\/16939"}],"wp:attachment":[{"href":"https:\/\/www.urkide.org\/eu\/wp-json\/wp\/v2\/media?parent=16557"}],"wp:term":[{"taxonomy":"category","embeddable":true,"href":"https:\/\/www.urkide.org\/eu\/wp-json\/wp\/v2\/categories?post=16557"},{"taxonomy":"post_tag","embeddable":true,"href":"https:\/\/www.urkide.org\/eu\/wp-json\/wp\/v2\/tags?post=16557"}],"curies":[{"name":"wp","href":"https:\/\/api.w.org\/{rel}","templated":true}]}}