{"id":16567,"date":"2023-01-24T11:09:43","date_gmt":"2023-01-24T11:09:43","guid":{"rendered":"https:\/\/www.urkide.org\/eu\/jornada-de-puertas-abiertas-en-bachillerato-una-historia-de-urkide\/"},"modified":"2023-01-24T11:09:44","modified_gmt":"2023-01-24T11:09:44","slug":"jornada-de-puertas-abiertas-en-bachillerato-una-historia-de-urkide","status":"publish","type":"post","link":"https:\/\/www.urkide.org\/eu\/jornada-de-puertas-abiertas-en-bachillerato-una-historia-de-urkide\/","title":{"rendered":"Jornada de puertas abiertas en Bachillerato. Una historia de Urkide."},"content":{"rendered":"<p style=\"margin: 0cm; margin-bottom: .0001pt;\"><span style=\"font-size: 11.0pt; font-family: 'Arial',sans-serif; color: black;\">El colegio celebr\u00f3\u00a0 el d\u00eda 23 de abril una jornada de puertas abiertas para el futuro alumnado de Bachillerato. En esta jornada, realizada telem\u00e1ticamente, adem\u00e1s de las intervenciones explicativas del equipo directivo sobre la realidad y caracter\u00edsticas de dicha etapa en el centro, se comparti\u00f3 con los\u00a0 asistentes al acto un v\u00eddeo realizado por alumnos de 2\u00ba de Bachillerato. La pregunta que recoge es: \u00bfsi tuviera que volver a Bachillerato, escoger\u00eda de nuevo mi colegio?<\/span><\/p>\n<p>&nbsp;<\/p>\n<p style=\"margin: 0cm; margin-bottom: .0001pt;\"><span style=\"font-size: 11.0pt; font-family: 'Arial',sans-serif; color: black;\">Para toda nuestra comunidad educativa, palabras y emociones\u00a0en \u201cUna historia de Urkide\u201d.<\/span><\/p>\n<p style=\"margin: 0cm; margin-bottom: .0001pt;\">\n<div class=\"embed-responsive embed-responsive-16by9 mb-25\"><iframe loading=\"lazy\" title=\"Jornada de puertas abiertas en Bachillerato. Una historia de Urkide\" width=\"1170\" height=\"658\" src=\"https:\/\/www.youtube.com\/embed\/iQOWUZHkpoU?feature=oembed\" frameborder=\"0\" allow=\"accelerometer; autoplay; clipboard-write; encrypted-media; gyroscope; picture-in-picture; web-share\" allowfullscreen><\/iframe><\/div>\n<div class=\"clearfix\"><\/div>","protected":false},"excerpt":{"rendered":"<p>El colegio celebr\u00f3\u00a0 el d\u00eda 23 de abril una jornada de puertas abiertas para el futuro alumnado de Bachillerato. En esta jornada,&#8230;<\/p>\n","protected":false},"author":1,"featured_media":0,"comment_status":"open","ping_status":"open","sticky":false,"template":"","format":"standard","meta":{"footnotes":""},"categories":[1],"tags":[],"class_list":["post-16567","post","type-post","status-publish","format-standard","hentry","category-sin-categorizar"],"_links":{"self":[{"href":"https:\/\/www.urkide.org\/eu\/wp-json\/wp\/v2\/posts\/16567","targetHints":{"allow":["GET"]}}],"collection":[{"href":"https:\/\/www.urkide.org\/eu\/wp-json\/wp\/v2\/posts"}],"about":[{"href":"https:\/\/www.urkide.org\/eu\/wp-json\/wp\/v2\/types\/post"}],"author":[{"embeddable":true,"href":"https:\/\/www.urkide.org\/eu\/wp-json\/wp\/v2\/users\/1"}],"replies":[{"embeddable":true,"href":"https:\/\/www.urkide.org\/eu\/wp-json\/wp\/v2\/comments?post=16567"}],"version-history":[{"count":1,"href":"https:\/\/www.urkide.org\/eu\/wp-json\/wp\/v2\/posts\/16567\/revisions"}],"predecessor-version":[{"id":16929,"href":"https:\/\/www.urkide.org\/eu\/wp-json\/wp\/v2\/posts\/16567\/revisions\/16929"}],"wp:attachment":[{"href":"https:\/\/www.urkide.org\/eu\/wp-json\/wp\/v2\/media?parent=16567"}],"wp:term":[{"taxonomy":"category","embeddable":true,"href":"https:\/\/www.urkide.org\/eu\/wp-json\/wp\/v2\/categories?post=16567"},{"taxonomy":"post_tag","embeddable":true,"href":"https:\/\/www.urkide.org\/eu\/wp-json\/wp\/v2\/tags?post=16567"}],"curies":[{"name":"wp","href":"https:\/\/api.w.org\/{rel}","templated":true}]}}