{"id":16649,"date":"2023-01-24T11:09:58","date_gmt":"2023-01-24T11:09:58","guid":{"rendered":"https:\/\/www.urkide.org\/eu\/arantza-aurrekoetxea-en-el-colegio-urkide\/"},"modified":"2023-01-24T11:09:58","modified_gmt":"2023-01-24T11:09:58","slug":"arantza-aurrekoetxea-en-el-colegio-urkide","status":"publish","type":"post","link":"https:\/\/www.urkide.org\/eu\/arantza-aurrekoetxea-en-el-colegio-urkide\/","title":{"rendered":"Arantza Aurrekoetxea en el Colegio Urkide"},"content":{"rendered":"<p>Arantza Aurrekoetxea, Viceconsejera de Educaci\u00f3n de Gobierno Vasco visita el colegio Urkide junto con Bego\u00f1a Garmendia, directora de Innovaci\u00f3n y Xabier Garagorri, asesor pedag\u00f3gico.<\/p>\n<p>El pasado martes, 24 de marzo, recibimos su visita \u00a0porque estaban interesados en conocer el proyecto de investigaci\u00f3n \u201cIMEDU 3.0\u201d, proyecto que Urkide est\u00e1 desarrollando en consorcio con las empresas Iberm\u00e1tica, Nesplora, Deusto Sistemas, SPC Net y Grupo Xabide y para el que se ha recibido una ayuda del Dpto. de Industria de Gobierno Vasco.<\/p>\n<p>IMEDU 3.0 es un proyecto de I+D+I que pretende ser una plataforma tecnol\u00f3gica para una educaci\u00f3n centrada en el alumno basada en las Inteligencias M\u00faltiples y el desarrollo de los talentos.<\/p>\n<p>Es un proyecto de investigaci\u00f3n de tres a\u00f1os de duraci\u00f3n que cuenta con el apoyo del Departamento de Educaci\u00f3n.<\/p>\n<p><a href=\"http:\/\/www.urkide.org\/wp-content\/uploads\/2015\/03\/20150327-Arantza-Aurrekoetxea-en-Urkide.jpg\"><img loading=\"lazy\" decoding=\"async\" class=\"aligncenter wp-image-1455\" src=\"http:\/\/www.urkide.org\/wp-content\/uploads\/2015\/03\/20150327-Arantza-Aurrekoetxea-en-Urkide-300x225.jpg\" alt=\"20150327-Arantza-Aurrekoetxea en Urkide\" width=\"480\" height=\"360\" \/><\/a><\/p>\n<div class=\"clearfix\"><\/div>","protected":false},"excerpt":{"rendered":"<p>Arantza Aurrekoetxea, Viceconsejera de Educaci\u00f3n de Gobierno Vasco visita el colegio Urkide junto con Bego\u00f1a Garmendia, directora de Innovaci\u00f3n y Xabier Garagorri,&#8230;<\/p>\n","protected":false},"author":1,"featured_media":0,"comment_status":"open","ping_status":"open","sticky":false,"template":"","format":"standard","meta":{"footnotes":""},"categories":[1],"tags":[],"class_list":["post-16649","post","type-post","status-publish","format-standard","hentry","category-sin-categorizar"],"_links":{"self":[{"href":"https:\/\/www.urkide.org\/eu\/wp-json\/wp\/v2\/posts\/16649","targetHints":{"allow":["GET"]}}],"collection":[{"href":"https:\/\/www.urkide.org\/eu\/wp-json\/wp\/v2\/posts"}],"about":[{"href":"https:\/\/www.urkide.org\/eu\/wp-json\/wp\/v2\/types\/post"}],"author":[{"embeddable":true,"href":"https:\/\/www.urkide.org\/eu\/wp-json\/wp\/v2\/users\/1"}],"replies":[{"embeddable":true,"href":"https:\/\/www.urkide.org\/eu\/wp-json\/wp\/v2\/comments?post=16649"}],"version-history":[{"count":1,"href":"https:\/\/www.urkide.org\/eu\/wp-json\/wp\/v2\/posts\/16649\/revisions"}],"predecessor-version":[{"id":16851,"href":"https:\/\/www.urkide.org\/eu\/wp-json\/wp\/v2\/posts\/16649\/revisions\/16851"}],"wp:attachment":[{"href":"https:\/\/www.urkide.org\/eu\/wp-json\/wp\/v2\/media?parent=16649"}],"wp:term":[{"taxonomy":"category","embeddable":true,"href":"https:\/\/www.urkide.org\/eu\/wp-json\/wp\/v2\/categories?post=16649"},{"taxonomy":"post_tag","embeddable":true,"href":"https:\/\/www.urkide.org\/eu\/wp-json\/wp\/v2\/tags?post=16649"}],"curies":[{"name":"wp","href":"https:\/\/api.w.org\/{rel}","templated":true}]}}